{"id":143144,"date":"2019-07-07T06:00:34","date_gmt":"2019-07-07T09:00:34","guid":{"rendered":"https:\/\/diarioregionaldigital.com.br\/?p=143144"},"modified":"2019-07-04T18:27:25","modified_gmt":"2019-07-04T21:27:25","slug":"tse-vai-comprar-180-mil-urnas-eletronicas-para-eleicoes-de-2020","status":"publish","type":"post","link":"https:\/\/diarioregionaldigital.com.br\/?p=143144","title":{"rendered":"TSE vai comprar 180 mil urnas eletr\u00f4nicas para elei\u00e7\u00f5es de 2020"},"content":{"rendered":"<p>O Tribunal Superior Eleitoral (TSE) vai comprar cerca de 180 mil urnas eletr\u00f4nicas para serem usadas nas elei\u00e7\u00f5es municipais do ano que vem, quando ser\u00e3o escolhidos novos prefeitos, vice-prefeitos e vereadores. As novas urnas v\u00e3o substituir as mais antigas, que entraram em funcionamento em 2006 e 2008. O custo da aquisi\u00e7\u00e3o ainda n\u00e3o foi definido.<\/p>\n<p>Nesta semana, o TSE realizou audi\u00eancia p\u00fablica para colher sugest\u00f5es das empresas interessadas. O TSE tamb\u00e9m tirou d\u00favidas sobre especifica\u00e7\u00f5es t\u00e9cnicas, seguran\u00e7a e manuten\u00e7\u00e3o da urna. Est\u00e1 prevista para a pr\u00f3xima ter\u00e7a-feira (9) a divulga\u00e7\u00e3o \u00a0de um parecer t\u00e9cnico sobre as propostas recebidas pelo tribunal.<\/p>\n<p>Segundo o secret\u00e1rio de Tenologia da Informa\u00e7\u00e3o do TSE, Giuseppe Janino, a substitui\u00e7\u00e3o dos equipamentos \u00e9 necess\u00e1ria para melhorar a tecnologia utilizada nas urnas. De acordo com o secret\u00e1rio, o Brasil realiza a maior elei\u00e7\u00e3o informatizada do mundo.<\/p>\n<p>&#8220;Sa\u00edmos de um processo eleitoral manual, com baixos \u00edndices de credibilidade, at\u00e9 alcan\u00e7armos alto n\u00edvel\u00a0de confian\u00e7a junto ao cidad\u00e3o, utilizando os atributos de integridade e de seguran\u00e7a que s\u00f3 o paradigma\u00a0digital proporciona&#8221;, disse Janino.<\/p>\n<p>As urnas eletr\u00f4nicas come\u00e7aram a ser utilizadas nas elei\u00e7\u00f5es municipais de 1996. Segundo o TSE, nunca houve qualquer esp\u00e9cie de fraude no sistema eletr\u00f4nico de vota\u00e7\u00e3o.<\/p>\n<p>Fonte: Ag\u00eancia Brasil<\/p>\n","protected":false},"excerpt":{"rendered":"<p>O Tribunal Superior Eleitoral (TSE) vai comprar cerca de 180 mil urnas eletr\u00f4nicas para serem usadas nas elei\u00e7\u00f5es municipais do ano que vem, quando ser\u00e3o escolhidos novos prefeitos, vice-prefeitos e vereadores. As novas urnas v\u00e3o substituir as mais antigas, que entraram em funcionamento em 2006 e 2008. O custo da aquisi\u00e7\u00e3o ainda n\u00e3o foi definido. [&hellip;]<\/p>\n","protected":false},"author":96,"featured_media":143145,"comment_status":"closed","ping_status":"closed","sticky":false,"template":"","format":"standard","meta":{"footnotes":""},"categories":[436,254,439],"tags":[],"class_list":["post-143144","post","type-post","status-publish","format-standard","has-post-thumbnail","hentry","category-destaque-da-semana","category-politica","category-ultima-hora"],"_links":{"self":[{"href":"https:\/\/diarioregionaldigital.com.br\/index.php?rest_route=\/wp\/v2\/posts\/143144","targetHints":{"allow":["GET"]}}],"collection":[{"href":"https:\/\/diarioregionaldigital.com.br\/index.php?rest_route=\/wp\/v2\/posts"}],"about":[{"href":"https:\/\/diarioregionaldigital.com.br\/index.php?rest_route=\/wp\/v2\/types\/post"}],"author":[{"embeddable":true,"href":"https:\/\/diarioregionaldigital.com.br\/index.php?rest_route=\/wp\/v2\/users\/96"}],"replies":[{"embeddable":true,"href":"https:\/\/diarioregionaldigital.com.br\/index.php?rest_route=%2Fwp%2Fv2%2Fcomments&post=143144"}],"version-history":[{"count":0,"href":"https:\/\/diarioregionaldigital.com.br\/index.php?rest_route=\/wp\/v2\/posts\/143144\/revisions"}],"wp:featuredmedia":[{"embeddable":true,"href":"https:\/\/diarioregionaldigital.com.br\/index.php?rest_route=\/wp\/v2\/media\/143145"}],"wp:attachment":[{"href":"https:\/\/diarioregionaldigital.com.br\/index.php?rest_route=%2Fwp%2Fv2%2Fmedia&parent=143144"}],"wp:term":[{"taxonomy":"category","embeddable":true,"href":"https:\/\/diarioregionaldigital.com.br\/index.php?rest_route=%2Fwp%2Fv2%2Fcategories&post=143144"},{"taxonomy":"post_tag","embeddable":true,"href":"https:\/\/diarioregionaldigital.com.br\/index.php?rest_route=%2Fwp%2Fv2%2Ftags&post=143144"}],"curies":[{"name":"wp","href":"https:\/\/api.w.org\/{rel}","templated":true}]}}