{"id":143141,"date":"2019-07-04T18:24:42","date_gmt":"2019-07-04T21:24:42","guid":{"rendered":"https:\/\/diarioregionaldigital.com.br\/?p=143141"},"modified":"2019-07-04T18:24:42","modified_gmt":"2019-07-04T21:24:42","slug":"bombeiros-encontram-mais-um-corpo-na-area-do-desastre-de-brumadinho","status":"publish","type":"post","link":"https:\/\/diarioregionaldigital.com.br\/?p=143141","title":{"rendered":"Bombeiros encontram mais um corpo na \u00e1rea do desastre de Brumadinho"},"content":{"rendered":"<p>O Corpo de Bombeiros de Minas Gerais informou hoje (4) que foi encontrado um corpo de uma v\u00edtima do rompimento da barragem da mina C\u00f3rrego do Feij\u00e3o,\u00a0da empresa Vale, em Brumadinho (MG).<\/p>\n<p>De acordo com a corpora\u00e7\u00e3o, no bolso da cal\u00e7a havia um documento de identidade que confere com um dos nomes da lista das pessoas ainda n\u00e3o encontradas ap\u00f3s o desastre.<\/p>\n<p>O corpo encontrado na noite de ontem (3) \u00e9 do sexo masculino e estava praticamente intacto. Ele foi encaminhado para o Instituto M\u00e9dico Legal (IML) de Belo Horizonte onde a identifica\u00e7\u00e3o ser\u00e1 confirmada.<\/p>\n<p>O Corpo de Bombeiros atua hoje com 152 militares em 24 frentes de trabalho na busca por v\u00edtimas da trag\u00e9dia, que aconteceu em 25 de janeiro deste ano.<\/p>\n<p>At\u00e9 o momento, 246 mortos foram identificados e outros 24\u00a0ainda constam como desaparecidos.<\/p>\n<p>Fonte: Ag\u00eancia Brasil<\/p>\n","protected":false},"excerpt":{"rendered":"<p>O Corpo de Bombeiros de Minas Gerais informou hoje (4) que foi encontrado um corpo de uma v\u00edtima do rompimento da barragem da mina C\u00f3rrego do Feij\u00e3o,\u00a0da empresa Vale, em Brumadinho (MG). De acordo com a corpora\u00e7\u00e3o, no bolso da cal\u00e7a havia um documento de identidade que confere com um dos nomes da lista das [&hellip;]<\/p>\n","protected":false},"author":96,"featured_media":135739,"comment_status":"closed","ping_status":"closed","sticky":false,"template":"","format":"standard","meta":{"footnotes":""},"categories":[436,252,439],"tags":[],"class_list":["post-143141","post","type-post","status-publish","format-standard","has-post-thumbnail","hentry","category-destaque-da-semana","category-regiao","category-ultima-hora"],"_links":{"self":[{"href":"https:\/\/diarioregionaldigital.com.br\/index.php?rest_route=\/wp\/v2\/posts\/143141","targetHints":{"allow":["GET"]}}],"collection":[{"href":"https:\/\/diarioregionaldigital.com.br\/index.php?rest_route=\/wp\/v2\/posts"}],"about":[{"href":"https:\/\/diarioregionaldigital.com.br\/index.php?rest_route=\/wp\/v2\/types\/post"}],"author":[{"embeddable":true,"href":"https:\/\/diarioregionaldigital.com.br\/index.php?rest_route=\/wp\/v2\/users\/96"}],"replies":[{"embeddable":true,"href":"https:\/\/diarioregionaldigital.com.br\/index.php?rest_route=%2Fwp%2Fv2%2Fcomments&post=143141"}],"version-history":[{"count":0,"href":"https:\/\/diarioregionaldigital.com.br\/index.php?rest_route=\/wp\/v2\/posts\/143141\/revisions"}],"wp:featuredmedia":[{"embeddable":true,"href":"https:\/\/diarioregionaldigital.com.br\/index.php?rest_route=\/wp\/v2\/media\/135739"}],"wp:attachment":[{"href":"https:\/\/diarioregionaldigital.com.br\/index.php?rest_route=%2Fwp%2Fv2%2Fmedia&parent=143141"}],"wp:term":[{"taxonomy":"category","embeddable":true,"href":"https:\/\/diarioregionaldigital.com.br\/index.php?rest_route=%2Fwp%2Fv2%2Fcategories&post=143141"},{"taxonomy":"post_tag","embeddable":true,"href":"https:\/\/diarioregionaldigital.com.br\/index.php?rest_route=%2Fwp%2Fv2%2Ftags&post=143141"}],"curies":[{"name":"wp","href":"https:\/\/api.w.org\/{rel}","templated":true}]}}