{"id":143136,"date":"2019-07-04T16:38:16","date_gmt":"2019-07-04T19:38:16","guid":{"rendered":"https:\/\/diarioregionaldigital.com.br\/?p=143136"},"modified":"2019-07-04T16:38:16","modified_gmt":"2019-07-04T19:38:16","slug":"bombeiros-que-atuaram-em-brumadinho-serao-homenageados-em-sao-joao-del-rei","status":"publish","type":"post","link":"https:\/\/diarioregionaldigital.com.br\/?p=143136","title":{"rendered":"Bombeiros que atuaram em Brumadinho ser\u00e3o homenageados em S\u00e3o Jo\u00e3o del-Rei"},"content":{"rendered":"<p>No dia 05 de julho \u00e0s 18h o Teatro Municipal ser\u00e1 palco de uma sess\u00e3o solene para homenagear o trabalho do Corpo de Bombeiros frente ao rompimento da barragem de Brumadinho. Realizada pela C\u00e2mara Municipal em parceria com a Secretaria de Cultura, a solenidade e a homenagem que encerrar\u00e3o a semana do Bombeiro foram idealizadas pelo vereador Cabo Zanola, que \u00e9 Bombeiro Militar, esteve na ativa por 15 anos e conhece de perto os desafios e as dificuldades da profiss\u00e3o, assim como a energia e a aten\u00e7\u00e3o que os irm\u00e3os de farda empenham a servi\u00e7o da sociedade.<\/p>\n<p>Al\u00e9m dos Bombeiros Militares da regi\u00e3o do 3\u00ba Cob, ser\u00e3o homenageados tamb\u00e9m &#8211; pela primeira vez em Minas Gerais &#8211; os c\u00e3es do Pelot\u00e3o de Busca e Salvamento com C\u00e3es (PBUSCA) da mesma regi\u00e3o, al\u00e9m de Bombeiros que contribu\u00edram\/contribuem de forma significativa para o fortalecimento da Institui\u00e7\u00e3o e se destacam no cumprimento de sua miss\u00e3o.<\/p>\n<p><strong>Atua\u00e7\u00e3o dos Bombeiros Militares<\/strong><\/p>\n<p>A equipe do Corpo de Bombeiros Militar que esteve na cidade de Brumadinho e trabalhou exaustivamente dia e noite conquistou respeito, simpatia e admira\u00e7\u00e3o dentro e fora do pa\u00eds com seu exemplo de abnega\u00e7\u00e3o. Esses bombeiros fizeram de suas m\u00e3os, mergulhadas na lama mortal, um instrumento de paz e de esperan\u00e7a, trabalhando incessantemente a fim de encontrar e resgatar pessoas desconhecidas com a determina\u00e7\u00e3o de quem busca pelos pr\u00f3prios familiares.<\/p>\n<p>Um artigo publicado no jornal espanhol El Pa\u00eds, prop\u00f5e que o primeiro pr\u00eamio Nobel da Paz brasileiro v\u00e1 para a atua\u00e7\u00e3o do Corpo de Bombeiros Militar de Minas Gerais em Brumadinho, sob o argumento de que &#8220;os bombeiros conseguiram o milagre de unificar por um instante um pa\u00eds quase em guerra. Foram esses bombeiros an\u00f4nimos, mal pagos, que n\u00e3o hesitaram em arriscar a pr\u00f3pria vida para salvar a dos outros, que nos ofereceram um pouco de oxig\u00eanio quando come\u00e7\u00e1vamos a desconfiar de tudo e de todos\u201d.<\/p>\n<p><strong>Agradecimento<\/strong><\/p>\n<p>Al\u00e9m da merecida indica\u00e7\u00e3o ao Pr\u00eamio Nobel, uma das mais prestigiadas premia\u00e7\u00f5es do mundo, o brilhante trabalho desenvolvido pelo Corpo de Bombeiros Militar de Minas Gerais merece tamb\u00e9m o devido reconhecimento por parte das autoridades locais. Com este objetivo, a iniciativa do tamb\u00e9m Bombeiro Militar vereador Cabo Zanola homenagear\u00e1 com a Medalha Presidente Tancredo de Almeida Neves, a maior honraria do munic\u00edpio, estes homens que lutam bravamente para resgatar vidas.<\/p>\n<p>Fonte: Assessoria<\/p>\n","protected":false},"excerpt":{"rendered":"<p>No dia 05 de julho \u00e0s 18h o Teatro Municipal ser\u00e1 palco de uma sess\u00e3o solene para homenagear o trabalho do Corpo de Bombeiros frente ao rompimento da barragem de Brumadinho. Realizada pela C\u00e2mara Municipal em parceria com a Secretaria de Cultura, a solenidade e a homenagem que encerrar\u00e3o a semana do Bombeiro foram idealizadas [&hellip;]<\/p>\n","protected":false},"author":96,"featured_media":132120,"comment_status":"closed","ping_status":"closed","sticky":false,"template":"","format":"standard","meta":{"footnotes":""},"categories":[436,252,439],"tags":[],"class_list":["post-143136","post","type-post","status-publish","format-standard","has-post-thumbnail","hentry","category-destaque-da-semana","category-regiao","category-ultima-hora"],"_links":{"self":[{"href":"https:\/\/diarioregionaldigital.com.br\/index.php?rest_route=\/wp\/v2\/posts\/143136","targetHints":{"allow":["GET"]}}],"collection":[{"href":"https:\/\/diarioregionaldigital.com.br\/index.php?rest_route=\/wp\/v2\/posts"}],"about":[{"href":"https:\/\/diarioregionaldigital.com.br\/index.php?rest_route=\/wp\/v2\/types\/post"}],"author":[{"embeddable":true,"href":"https:\/\/diarioregionaldigital.com.br\/index.php?rest_route=\/wp\/v2\/users\/96"}],"replies":[{"embeddable":true,"href":"https:\/\/diarioregionaldigital.com.br\/index.php?rest_route=%2Fwp%2Fv2%2Fcomments&post=143136"}],"version-history":[{"count":0,"href":"https:\/\/diarioregionaldigital.com.br\/index.php?rest_route=\/wp\/v2\/posts\/143136\/revisions"}],"wp:featuredmedia":[{"embeddable":true,"href":"https:\/\/diarioregionaldigital.com.br\/index.php?rest_route=\/wp\/v2\/media\/132120"}],"wp:attachment":[{"href":"https:\/\/diarioregionaldigital.com.br\/index.php?rest_route=%2Fwp%2Fv2%2Fmedia&parent=143136"}],"wp:term":[{"taxonomy":"category","embeddable":true,"href":"https:\/\/diarioregionaldigital.com.br\/index.php?rest_route=%2Fwp%2Fv2%2Fcategories&post=143136"},{"taxonomy":"post_tag","embeddable":true,"href":"https:\/\/diarioregionaldigital.com.br\/index.php?rest_route=%2Fwp%2Fv2%2Ftags&post=143136"}],"curies":[{"name":"wp","href":"https:\/\/api.w.org\/{rel}","templated":true}]}}