{"id":143133,"date":"2019-07-04T16:31:21","date_gmt":"2019-07-04T19:31:21","guid":{"rendered":"https:\/\/diarioregionaldigital.com.br\/?p=143133"},"modified":"2019-07-04T16:31:21","modified_gmt":"2019-07-04T19:31:21","slug":"relatorio-da-cpi-dos-onibus-sera-apresentado-em-agosto","status":"publish","type":"post","link":"https:\/\/diarioregionaldigital.com.br\/?p=143133","title":{"rendered":"Relat\u00f3rio da CPI dos \u00f4nibus ser\u00e1 apresentado em agosto"},"content":{"rendered":"<p>A apresenta\u00e7\u00e3o do relat\u00f3rio da Comiss\u00e3o Parlamentar de Inqu\u00e9rito (CPI) do \u00f4nibus, ser\u00e1 apresentado no pr\u00f3ximo dia 19 de agosto, na primeira reuni\u00e3o do per\u00edodo legislativo. A data foi confirmada pelo relator da CPI dos \u00f4nibus, Sargento Mello Casal (PTB).<\/p>\n<p>Atrav\u00e9s da assessoria, Mello salientou que o relat\u00f3rio \u00e9 t\u00e9cnico e minucioso e precisa ser elaborado com calma, avaliando todos os volumes do processo. \u201cEntendemos que a popula\u00e7\u00e3o esteja ansiosa esperando o resultado dessa CPI, mas precisamos ter um trabalho t\u00e9cnico e bem feito\u201d, explicou.<\/p>\n<p>A Comiss\u00e3o \u00e9 presidida pelo vereador Adriano Miranda (PHS) e composta pelos vereadores Cido Reis (PSB), Mello Casal (PTB), Jos\u00e9 M\u00e1rcio Garotinho (PV) e Wanderson Castelar (PT). A CPI foi instalada em novembro de 2018, com objetivo de verificar se h\u00e1 irregularidades das concession\u00e1rias respons\u00e1veis pelo transporte coletivo urbano no cumprimento dos contratos de presta\u00e7\u00e3o de servi\u00e7o p\u00fablico.<\/p>\n","protected":false},"excerpt":{"rendered":"<p>A apresenta\u00e7\u00e3o do relat\u00f3rio da Comiss\u00e3o Parlamentar de Inqu\u00e9rito (CPI) do \u00f4nibus, ser\u00e1 apresentado no pr\u00f3ximo dia 19 de agosto, na primeira reuni\u00e3o do per\u00edodo legislativo. A data foi confirmada pelo relator da CPI dos \u00f4nibus, Sargento Mello Casal (PTB). Atrav\u00e9s da assessoria, Mello salientou que o relat\u00f3rio \u00e9 t\u00e9cnico e minucioso e precisa ser [&hellip;]<\/p>\n","protected":false},"author":96,"featured_media":143134,"comment_status":"closed","ping_status":"closed","sticky":false,"template":"","format":"standard","meta":{"footnotes":""},"categories":[253,436,440,439],"tags":[],"class_list":["post-143133","post","type-post","status-publish","format-standard","has-post-thumbnail","hentry","category-cidade","category-destaque-da-semana","category-destaques-do-dia","category-ultima-hora"],"_links":{"self":[{"href":"https:\/\/diarioregionaldigital.com.br\/index.php?rest_route=\/wp\/v2\/posts\/143133","targetHints":{"allow":["GET"]}}],"collection":[{"href":"https:\/\/diarioregionaldigital.com.br\/index.php?rest_route=\/wp\/v2\/posts"}],"about":[{"href":"https:\/\/diarioregionaldigital.com.br\/index.php?rest_route=\/wp\/v2\/types\/post"}],"author":[{"embeddable":true,"href":"https:\/\/diarioregionaldigital.com.br\/index.php?rest_route=\/wp\/v2\/users\/96"}],"replies":[{"embeddable":true,"href":"https:\/\/diarioregionaldigital.com.br\/index.php?rest_route=%2Fwp%2Fv2%2Fcomments&post=143133"}],"version-history":[{"count":0,"href":"https:\/\/diarioregionaldigital.com.br\/index.php?rest_route=\/wp\/v2\/posts\/143133\/revisions"}],"wp:featuredmedia":[{"embeddable":true,"href":"https:\/\/diarioregionaldigital.com.br\/index.php?rest_route=\/wp\/v2\/media\/143134"}],"wp:attachment":[{"href":"https:\/\/diarioregionaldigital.com.br\/index.php?rest_route=%2Fwp%2Fv2%2Fmedia&parent=143133"}],"wp:term":[{"taxonomy":"category","embeddable":true,"href":"https:\/\/diarioregionaldigital.com.br\/index.php?rest_route=%2Fwp%2Fv2%2Fcategories&post=143133"},{"taxonomy":"post_tag","embeddable":true,"href":"https:\/\/diarioregionaldigital.com.br\/index.php?rest_route=%2Fwp%2Fv2%2Ftags&post=143133"}],"curies":[{"name":"wp","href":"https:\/\/api.w.org\/{rel}","templated":true}]}}