{"id":143125,"date":"2019-07-04T16:28:46","date_gmt":"2019-07-04T19:28:46","guid":{"rendered":"https:\/\/diarioregionaldigital.com.br\/?p=143125"},"modified":"2019-07-04T16:28:46","modified_gmt":"2019-07-04T19:28:46","slug":"comissao-de-protecao-animal-acompanha-retorno-do-funcionamento-de-castramovel","status":"publish","type":"post","link":"https:\/\/diarioregionaldigital.com.br\/?p=143125","title":{"rendered":"Comiss\u00e3o de Prote\u00e7\u00e3o Animal acompanha retorno do funcionamento de Castram\u00f3vel"},"content":{"rendered":"<p>No in\u00edcio da semana, a Comiss\u00e3o de Defesa, Controle e Prote\u00e7\u00e3o Animal esteve no bairro Terras Altas acompanhando o trabalho do Castram\u00f3vel, do Departamento de Controle Animal do Demlurb. Esse foi o retorno dos trabalhos do projeto de castra\u00e7\u00e3o itinerante do munic\u00edpio, que desde in\u00edcio de 2018 estava parado por conta da falta de repasses de verbas.<\/p>\n<p>A gerente do departamento, Mirian Neder, destaca que com o Castram\u00f3vel \u00e9 poss\u00edvel atingir bairros perif\u00e9ricos da cidade que n\u00e3o teriam acesso a esse tipo de servi\u00e7o. \u201cInfelizmente o abandono ainda \u00e9 muito grande, por isso esse \u00e9 um servi\u00e7o que n\u00e3o pode parar, nem ser interrompido. A popula\u00e7\u00e3o fica muito satisfeita quando chegamos nos bairros para fazer as castra\u00e7\u00f5es.\u201d<\/p>\n<p>Implantado em 2015, o Castram\u00f3vel j\u00e1 realizou mais de 25 mil castra\u00e7\u00f5es em Juiz de Fora. O trabalho tamb\u00e9m auxilia no combate ao abandono. Segundo o vereador Marlon Siqueira (MDB), presidente da Comiss\u00e3o de Defesa, Controle e Prote\u00e7\u00e3o Animal da C\u00e2mara Municipal, ele j\u00e1 vinha cobrando junto ao Executivo a volta desse trabalho. \u201cColoquei os 100 mil reais da minha emenda parlamentar do ano de 2018 no servi\u00e7o de castra\u00e7\u00e3o animal. \u00c9 nosso papel fiscalizar e garantir que este instrumento t\u00e3o importante para o nosso munic\u00edpio esteja ativo.\u201d<\/p>\n<p>&nbsp;<\/p>\n<p><strong>Sa\u00fade P\u00fablica<\/strong><\/p>\n<p>De acordo com a Organiza\u00e7\u00e3o das Na\u00e7\u00f5es Unidas (ONU), a castra\u00e7\u00e3o \u00e9 considerada um importante instrumento de controle da popula\u00e7\u00e3o animal. Com o crescente abandono, muitos animais ficam soltos nas ruas, o que acaba levando a reprodu\u00e7\u00e3o desenfreada dos mesmos. Esses animais de rua tamb\u00e9m ficam expostos \u00e0s doen\u00e7as como pavovirose e cinomose, que podem at\u00e9 levar a morte.<\/p>\n<p>\u201cCom o retorno do Castram\u00f3vel, a demanda que \u00e9 muito grande vai diminuir, e por consequ\u00eancia, teremos menos animais soltos nas ruas e menos vulnerabilidade na sa\u00fade.\u201d Destaca o vereador Marlon Siqueira.<\/p>\n<p>A cirurgia de castra\u00e7\u00e3o \u00e9 simples e r\u00e1pida, e garante a sa\u00fade do animal. Ele j\u00e1 sai do Castram\u00f3vel com uma roupa p\u00f3s-cir\u00fargica e com as orienta\u00e7\u00f5es necess\u00e1rias para o cuidado p\u00f3s-operat\u00f3rio.<\/p>\n<p>Fonte: CMJF<\/p>\n","protected":false},"excerpt":{"rendered":"<p>No in\u00edcio da semana, a Comiss\u00e3o de Defesa, Controle e Prote\u00e7\u00e3o Animal esteve no bairro Terras Altas acompanhando o trabalho do Castram\u00f3vel, do Departamento de Controle Animal do Demlurb. Esse foi o retorno dos trabalhos do projeto de castra\u00e7\u00e3o itinerante do munic\u00edpio, que desde in\u00edcio de 2018 estava parado por conta da falta de repasses [&hellip;]<\/p>\n","protected":false},"author":96,"featured_media":143126,"comment_status":"closed","ping_status":"closed","sticky":false,"template":"","format":"standard","meta":{"footnotes":""},"categories":[253,436,439],"tags":[],"class_list":["post-143125","post","type-post","status-publish","format-standard","has-post-thumbnail","hentry","category-cidade","category-destaque-da-semana","category-ultima-hora"],"_links":{"self":[{"href":"https:\/\/diarioregionaldigital.com.br\/index.php?rest_route=\/wp\/v2\/posts\/143125","targetHints":{"allow":["GET"]}}],"collection":[{"href":"https:\/\/diarioregionaldigital.com.br\/index.php?rest_route=\/wp\/v2\/posts"}],"about":[{"href":"https:\/\/diarioregionaldigital.com.br\/index.php?rest_route=\/wp\/v2\/types\/post"}],"author":[{"embeddable":true,"href":"https:\/\/diarioregionaldigital.com.br\/index.php?rest_route=\/wp\/v2\/users\/96"}],"replies":[{"embeddable":true,"href":"https:\/\/diarioregionaldigital.com.br\/index.php?rest_route=%2Fwp%2Fv2%2Fcomments&post=143125"}],"version-history":[{"count":0,"href":"https:\/\/diarioregionaldigital.com.br\/index.php?rest_route=\/wp\/v2\/posts\/143125\/revisions"}],"wp:featuredmedia":[{"embeddable":true,"href":"https:\/\/diarioregionaldigital.com.br\/index.php?rest_route=\/wp\/v2\/media\/143126"}],"wp:attachment":[{"href":"https:\/\/diarioregionaldigital.com.br\/index.php?rest_route=%2Fwp%2Fv2%2Fmedia&parent=143125"}],"wp:term":[{"taxonomy":"category","embeddable":true,"href":"https:\/\/diarioregionaldigital.com.br\/index.php?rest_route=%2Fwp%2Fv2%2Fcategories&post=143125"},{"taxonomy":"post_tag","embeddable":true,"href":"https:\/\/diarioregionaldigital.com.br\/index.php?rest_route=%2Fwp%2Fv2%2Ftags&post=143125"}],"curies":[{"name":"wp","href":"https:\/\/api.w.org\/{rel}","templated":true}]}}