{"id":143041,"date":"2019-07-03T15:11:00","date_gmt":"2019-07-03T18:11:00","guid":{"rendered":"https:\/\/diarioregionaldigital.com.br\/?p=143041"},"modified":"2019-07-03T15:11:00","modified_gmt":"2019-07-03T18:11:00","slug":"facebook-whatsapp-e-instagram-tem-problemas-de-carregamento","status":"publish","type":"post","link":"https:\/\/diarioregionaldigital.com.br\/?p=143041","title":{"rendered":"Facebook, Whatsapp e Instagram t\u00eam problemas de carregamento"},"content":{"rendered":"<p>Usu\u00e1rios das redes sociais Facebook, Whatsapp e Instagram relataram dificuldades na opera\u00e7\u00e3o das plataformas hoje (3). As tr\u00eas redes pertencem \u00e0 companhia Facebook, com sede nos Estados Unidos. No Brasil, a rede social de mesmo nome e o Whatsapp\u00a0s\u00e3o acessados, cada um, por mais de 130 milh\u00f5es de pessoas.\u00a0A instabilidade foi sentida\u00a0em diferentes regi\u00f5es\u00a0do mundo.<\/p>\n<p>Entre os problemas informados estavam a n\u00e3o disponibiliza\u00e7\u00e3o de imagens no Facebook. Tamb\u00e9m no Whatsapp, usu\u00e1rios disseram n\u00e3o conseguir carregar imagens ou enviar e ouvir \u00e1udios.<\/p>\n<p>Mensagens nas pr\u00f3prias redes e em outras, como no Twitter, repercutiram o problema. A\u00a0<em>hashtag<\/em>\u00a0#facebookdown estava entre as principais nos\u00a0<em>trending topics<\/em>\u00a0do Twitter, ao longo da manh\u00e3. Memes com o fundador e CEO da companhia, Mark Zuckerberg, ganharam a<em>\u00a0web<\/em>.<\/p>\n<p>Por meio de sua conta no Twitter, o Facebook afirmou que \u201cest\u00e1 ciente que algumas pessoas est\u00e3o tendo problemas para subir ou carregar imagens, v\u00eddeos e outros arquivos nos nossos\u00a0<em>apps<\/em>\u201d. E completou, se desculpando: \u201cPedimos desculpas pelo problema e estamos trabalhando para trazer as coisas ao normal novamente o mais rapidamente poss\u00edvel.\u201d<\/p>\n<p>Fonte: Ag\u00eancia Brasil<\/p>\n","protected":false},"excerpt":{"rendered":"<p>Usu\u00e1rios das redes sociais Facebook, Whatsapp e Instagram relataram dificuldades na opera\u00e7\u00e3o das plataformas hoje (3). As tr\u00eas redes pertencem \u00e0 companhia Facebook, com sede nos Estados Unidos. No Brasil, a rede social de mesmo nome e o Whatsapp\u00a0s\u00e3o acessados, cada um, por mais de 130 milh\u00f5es de pessoas.\u00a0A instabilidade foi sentida\u00a0em diferentes regi\u00f5es\u00a0do mundo. [&hellip;]<\/p>\n","protected":false},"author":96,"featured_media":143042,"comment_status":"closed","ping_status":"closed","sticky":false,"template":"","format":"standard","meta":{"footnotes":""},"categories":[302,436,440,439],"tags":[],"class_list":["post-143041","post","type-post","status-publish","format-standard","has-post-thumbnail","hentry","category-brasil-mundo","category-destaque-da-semana","category-destaques-do-dia","category-ultima-hora"],"_links":{"self":[{"href":"https:\/\/diarioregionaldigital.com.br\/index.php?rest_route=\/wp\/v2\/posts\/143041","targetHints":{"allow":["GET"]}}],"collection":[{"href":"https:\/\/diarioregionaldigital.com.br\/index.php?rest_route=\/wp\/v2\/posts"}],"about":[{"href":"https:\/\/diarioregionaldigital.com.br\/index.php?rest_route=\/wp\/v2\/types\/post"}],"author":[{"embeddable":true,"href":"https:\/\/diarioregionaldigital.com.br\/index.php?rest_route=\/wp\/v2\/users\/96"}],"replies":[{"embeddable":true,"href":"https:\/\/diarioregionaldigital.com.br\/index.php?rest_route=%2Fwp%2Fv2%2Fcomments&post=143041"}],"version-history":[{"count":0,"href":"https:\/\/diarioregionaldigital.com.br\/index.php?rest_route=\/wp\/v2\/posts\/143041\/revisions"}],"wp:featuredmedia":[{"embeddable":true,"href":"https:\/\/diarioregionaldigital.com.br\/index.php?rest_route=\/wp\/v2\/media\/143042"}],"wp:attachment":[{"href":"https:\/\/diarioregionaldigital.com.br\/index.php?rest_route=%2Fwp%2Fv2%2Fmedia&parent=143041"}],"wp:term":[{"taxonomy":"category","embeddable":true,"href":"https:\/\/diarioregionaldigital.com.br\/index.php?rest_route=%2Fwp%2Fv2%2Fcategories&post=143041"},{"taxonomy":"post_tag","embeddable":true,"href":"https:\/\/diarioregionaldigital.com.br\/index.php?rest_route=%2Fwp%2Fv2%2Ftags&post=143041"}],"curies":[{"name":"wp","href":"https:\/\/api.w.org\/{rel}","templated":true}]}}