{"id":143038,"date":"2019-07-03T14:26:16","date_gmt":"2019-07-03T17:26:16","guid":{"rendered":"https:\/\/diarioregionaldigital.com.br\/?p=143038"},"modified":"2019-07-03T14:26:16","modified_gmt":"2019-07-03T17:26:16","slug":"inflacao-de-produtos-na-saida-das-fabricas-fica-em-143-em-maio","status":"publish","type":"post","link":"https:\/\/diarioregionaldigital.com.br\/?p=143038","title":{"rendered":"Infla\u00e7\u00e3o de produtos na sa\u00edda das f\u00e1bricas fica em 1,43% em maio"},"content":{"rendered":"<p>O \u00cdndice de Pre\u00e7os ao Produtor (IPP), que mede a varia\u00e7\u00e3o de pre\u00e7os dos produtos na porta de sa\u00edda das f\u00e1bricas, registrou infla\u00e7\u00e3o de 1,43% em maio deste ano. A taxa \u00e9 superior ao 1,22% observado em abril, mas ficou abaixo dos 2,55% de maio do ano passado.<\/p>\n<p>De acordo com dados divulgados hoje (3) pelo Instituto Brasileiro de Geografia e Estat\u00edstica (IBGE), o IPP acumula taxas de infla\u00e7\u00e3o de 3,99% no ano e de 7,36% em 12 meses.<\/p>\n<p>Dezoito das 24 atividades industriais pesquisadas pelo IBGE tiveram infla\u00e7\u00e3o em seus produtos em maio. A taxa de infla\u00e7\u00e3o do m\u00eas foi puxada principalmente pelos setores de alimentos (1,75%), refino de petr\u00f3leo e produtos de \u00e1lcool (3,28%), ind\u00fastrias extrativas (6,5%) e outros produtos qu\u00edmicos (1,27%).<\/p>\n<p>Por outro lado, seis atividades tiveram defla\u00e7\u00e3o (queda de pre\u00e7os) e evitaram uma taxa mais de infla\u00e7\u00e3o alta do IPP, com destaque para o setor de couros (-2,22%).<\/p>\n<p>Entre as quatro grandes categorias econ\u00f4micas, a maior taxa de infla\u00e7\u00e3o foi observada nos bens intermedi\u00e1rios, isto \u00e9, os insumos industrializados usados no setor produtivo (1,81%). As demais taxas foram: bens de capital, isto \u00e9, m\u00e1quinas e equipamentos usados no setor produtivo (1,27%), bens de consumo semi e n\u00e3o dur\u00e1veis (1,08%) e bens de consumo dur\u00e1veis (0,14%).<\/p>\n<p>Fonte: Ag\u00eancia Brasil<\/p>\n","protected":false},"excerpt":{"rendered":"<p>O \u00cdndice de Pre\u00e7os ao Produtor (IPP), que mede a varia\u00e7\u00e3o de pre\u00e7os dos produtos na porta de sa\u00edda das f\u00e1bricas, registrou infla\u00e7\u00e3o de 1,43% em maio deste ano. A taxa \u00e9 superior ao 1,22% observado em abril, mas ficou abaixo dos 2,55% de maio do ano passado. De acordo com dados divulgados hoje (3) [&hellip;]<\/p>\n","protected":false},"author":96,"featured_media":143039,"comment_status":"closed","ping_status":"closed","sticky":false,"template":"","format":"standard","meta":{"footnotes":""},"categories":[436,261,439],"tags":[],"class_list":["post-143038","post","type-post","status-publish","format-standard","has-post-thumbnail","hentry","category-destaque-da-semana","category-economia","category-ultima-hora"],"_links":{"self":[{"href":"https:\/\/diarioregionaldigital.com.br\/index.php?rest_route=\/wp\/v2\/posts\/143038","targetHints":{"allow":["GET"]}}],"collection":[{"href":"https:\/\/diarioregionaldigital.com.br\/index.php?rest_route=\/wp\/v2\/posts"}],"about":[{"href":"https:\/\/diarioregionaldigital.com.br\/index.php?rest_route=\/wp\/v2\/types\/post"}],"author":[{"embeddable":true,"href":"https:\/\/diarioregionaldigital.com.br\/index.php?rest_route=\/wp\/v2\/users\/96"}],"replies":[{"embeddable":true,"href":"https:\/\/diarioregionaldigital.com.br\/index.php?rest_route=%2Fwp%2Fv2%2Fcomments&post=143038"}],"version-history":[{"count":0,"href":"https:\/\/diarioregionaldigital.com.br\/index.php?rest_route=\/wp\/v2\/posts\/143038\/revisions"}],"wp:featuredmedia":[{"embeddable":true,"href":"https:\/\/diarioregionaldigital.com.br\/index.php?rest_route=\/wp\/v2\/media\/143039"}],"wp:attachment":[{"href":"https:\/\/diarioregionaldigital.com.br\/index.php?rest_route=%2Fwp%2Fv2%2Fmedia&parent=143038"}],"wp:term":[{"taxonomy":"category","embeddable":true,"href":"https:\/\/diarioregionaldigital.com.br\/index.php?rest_route=%2Fwp%2Fv2%2Fcategories&post=143038"},{"taxonomy":"post_tag","embeddable":true,"href":"https:\/\/diarioregionaldigital.com.br\/index.php?rest_route=%2Fwp%2Fv2%2Ftags&post=143038"}],"curies":[{"name":"wp","href":"https:\/\/api.w.org\/{rel}","templated":true}]}}