{"id":143033,"date":"2019-07-03T14:21:31","date_gmt":"2019-07-03T17:21:31","guid":{"rendered":"https:\/\/diarioregionaldigital.com.br\/?p=143033"},"modified":"2019-07-03T14:21:31","modified_gmt":"2019-07-03T17:21:31","slug":"senado-torna-mais-rigidas-regras-para-fraudes-em-fundos-de-pensao","status":"publish","type":"post","link":"https:\/\/diarioregionaldigital.com.br\/?p=143033","title":{"rendered":"Senado torna mais r\u00edgidas regras para fraudes em fundos de pens\u00e3o"},"content":{"rendered":"<p>A Comiss\u00e3o de Constitui\u00e7\u00e3o e Justi\u00e7a (CCJ) do Senado aprovou hoje (3) substitutivo do senador Antonio Anastasia (PSDB-MG) ao projeto (PLS 312\/2016), que torna irregularidades cometidas por entidades de previd\u00eancia pass\u00edveis de puni\u00e7\u00e3o pela Lei do Colarinho Branco. Entre as novidades do texto est\u00e1 o enquadramento criminal da facilita\u00e7\u00e3o \u00e0 pr\u00e1tica de gest\u00e3o fraudulenta ou temer\u00e1ria. Quem se envolver nesses desvios est\u00e1 sujeito a pena de dois a seis anos de reclus\u00e3o, al\u00e9m de multa. Como foi votado em car\u00e1ter terminativo, sen\u00e3o houver recurso ao plen\u00e1rio da Casa, o texto seguir\u00e1 para an\u00e1lise da C\u00e2mara dos Deputados.<\/p>\n<p>Pelo texto aprovado, gestores e dirigentes podem ser responsabilizados penalmente por desvios praticados na administra\u00e7\u00e3o de planos de previd\u00eancia privada, fundos de pens\u00e3o p\u00fablicos, dos Regimes Pr\u00f3prios da Previd\u00eancia Social (RPPS) e da Superintend\u00eancia de Seguros Privados (Susep).Caber\u00e1 \u00e0 Superintend\u00eancia Nacional de Previd\u00eancia Complementar (Previc), \u00e0s unidades gestoras do RPPS e \u00e0 Susep notificar o Minist\u00e9rio P\u00fablico Federal caso identifiquem algum ind\u00edcio de crime na \u00e1rea. Hoje, apenas o Banco Central (BC) e a Comiss\u00e3o de Valores Mobili\u00e1rios (CVM) t\u00eam essa obriga\u00e7\u00e3o legal.<\/p>\n<p>Anastasia, relator da proposta, tamb\u00e9m acolheu sugest\u00e3o do senador Rodrigo Pacheco (DEM-MG) para aperfei\u00e7oar as defini\u00e7\u00f5es dos crimes de gest\u00e3o fraudulenta e temer\u00e1ria na Lei dos Crimes Contra o Sistema Financeiro Nacional. \u201cHoje os termos utilizados s\u00e3o excessivamente abertos e gen\u00e9ricos, por isso, dependem da doutrina e da jurisprud\u00eancia para a sua conforma\u00e7\u00e3o\u201d.<\/p>\n<h2>Servidores p\u00fablicos<\/h2>\n<p>Outro ajuste no texto, feito pelo relator, estendeu a responsabiliza\u00e7\u00e3o penal inserida na chamada Lei do Colarinho Branco a atos de gest\u00e3o fraudulenta e temer\u00e1ria cometidos no regime previdenci\u00e1rio aplicado aos servidores p\u00fablicos efetivos( RPPS), mantido pela Uni\u00e3o, por estados, Distrito Federal e munic\u00edpios em suas respectivas esferas.<\/p>\n<p>Segundo o texto, responder\u00e3o por desvios em entidades de previd\u00eancia complementar p\u00fablica, como a Funpresp &#8211; Funda\u00e7\u00e3o de Previd\u00eancia Complementar do Servidor P\u00fablico Federa l-\u00a0 gestores, dirigentes e membros de seus conselhos e \u00f3rg\u00e3os deliberativos; gestores e representantes legais dos entes federativos respons\u00e1veis pelo regime; e seus prestadores de servi\u00e7o.<\/p>\n<p>Fonte: Ag\u00eancia Brasil<\/p>\n","protected":false},"excerpt":{"rendered":"<p>A Comiss\u00e3o de Constitui\u00e7\u00e3o e Justi\u00e7a (CCJ) do Senado aprovou hoje (3) substitutivo do senador Antonio Anastasia (PSDB-MG) ao projeto (PLS 312\/2016), que torna irregularidades cometidas por entidades de previd\u00eancia pass\u00edveis de puni\u00e7\u00e3o pela Lei do Colarinho Branco. Entre as novidades do texto est\u00e1 o enquadramento criminal da facilita\u00e7\u00e3o \u00e0 pr\u00e1tica de gest\u00e3o fraudulenta ou [&hellip;]<\/p>\n","protected":false},"author":96,"featured_media":143035,"comment_status":"closed","ping_status":"closed","sticky":false,"template":"","format":"standard","meta":{"footnotes":""},"categories":[436,254,439],"tags":[],"class_list":["post-143033","post","type-post","status-publish","format-standard","has-post-thumbnail","hentry","category-destaque-da-semana","category-politica","category-ultima-hora"],"_links":{"self":[{"href":"https:\/\/diarioregionaldigital.com.br\/index.php?rest_route=\/wp\/v2\/posts\/143033","targetHints":{"allow":["GET"]}}],"collection":[{"href":"https:\/\/diarioregionaldigital.com.br\/index.php?rest_route=\/wp\/v2\/posts"}],"about":[{"href":"https:\/\/diarioregionaldigital.com.br\/index.php?rest_route=\/wp\/v2\/types\/post"}],"author":[{"embeddable":true,"href":"https:\/\/diarioregionaldigital.com.br\/index.php?rest_route=\/wp\/v2\/users\/96"}],"replies":[{"embeddable":true,"href":"https:\/\/diarioregionaldigital.com.br\/index.php?rest_route=%2Fwp%2Fv2%2Fcomments&post=143033"}],"version-history":[{"count":0,"href":"https:\/\/diarioregionaldigital.com.br\/index.php?rest_route=\/wp\/v2\/posts\/143033\/revisions"}],"wp:featuredmedia":[{"embeddable":true,"href":"https:\/\/diarioregionaldigital.com.br\/index.php?rest_route=\/wp\/v2\/media\/143035"}],"wp:attachment":[{"href":"https:\/\/diarioregionaldigital.com.br\/index.php?rest_route=%2Fwp%2Fv2%2Fmedia&parent=143033"}],"wp:term":[{"taxonomy":"category","embeddable":true,"href":"https:\/\/diarioregionaldigital.com.br\/index.php?rest_route=%2Fwp%2Fv2%2Fcategories&post=143033"},{"taxonomy":"post_tag","embeddable":true,"href":"https:\/\/diarioregionaldigital.com.br\/index.php?rest_route=%2Fwp%2Fv2%2Ftags&post=143033"}],"curies":[{"name":"wp","href":"https:\/\/api.w.org\/{rel}","templated":true}]}}