{"id":143032,"date":"2019-07-03T14:19:57","date_gmt":"2019-07-03T17:19:57","guid":{"rendered":"https:\/\/diarioregionaldigital.com.br\/?p=143032"},"modified":"2019-07-03T14:19:57","modified_gmt":"2019-07-03T17:19:57","slug":"medo-do-desemprego-aumenta-e-satisfacao-com-a-vida-diminui-diz-cni","status":"publish","type":"post","link":"https:\/\/diarioregionaldigital.com.br\/?p=143032","title":{"rendered":"Medo do desemprego aumenta e satisfa\u00e7\u00e3o com a vida diminui, diz CNI"},"content":{"rendered":"<p>O medo do desemprego aumentou e a satisfa\u00e7\u00e3o com a vida diminuiu entre os brasileiros. \u00c9 o que revela a pesquisa da Confedera\u00e7\u00e3o Nacional da Industria (CNI), divulgada hoje. O \u00edndice do medo do desemprego cresceu 2,3 pontos em rela\u00e7\u00e3o a abril e alcan\u00e7ou 59,3 pontos em junho.<\/p>\n<p>O indicador est\u00e1 acima da m\u00e9dia hist\u00f3rica, que \u00e9 de 49,9 pontos, mas est\u00e1 8,6 pontos menor do que o registrado em junho de 2018. Segundo a CNI, o medo do desemprego vem aumentando desde dezembro do ano passado, quando atingiu o valor m\u00ednimo nos \u00faltimos cinco anos.<\/p>\n<p>Para a entidade, a situa\u00e7\u00e3o est\u00e1 um pouco melhor do que h\u00e1 um ano, mas, ainda assim, h\u00e1 uma certa frustra\u00e7\u00e3o com o mercado de trabalho que, na verdade, reflete o fraco desempenho da economia. Em nota, a CNI afirma que \u201cpara reverter essa situa\u00e7\u00e3o, \u00e9 preciso, fundamentalmente, que o Brasil volte a criar empregos\u201d.<\/p>\n<p>De acordo com a pesquisa, o medo \u00e9 maior entre as pessoas com mais de 45 anos de idade e com menor grau de instru\u00e7\u00e3o. Entre os brasileiros que t\u00eam entre 45 e 54 anos, o \u00edndice do medo do desemprego subiu 7,1 pontos frente a abril e ficou em 60,1 pontos em junho. Entre as pessoas cujo grau de instru\u00e7\u00e3o vai at\u00e9 a quarta s\u00e9rie do ensino fundamental, o medo do desemprego aumentou 6,1 pontos na compara\u00e7\u00e3o com abril e atingiu 65,1 pontos em junho.<\/p>\n<p>Os dados mostram ainda que o medo do desemprego \u00e9 maior no Nordeste, onde o \u00edndice alcan\u00e7ou 66 pontos em junho. J\u00e1 a regi\u00e3o Sul apresenta o menor \u00edndice, 47,9 pontos, abaixo da m\u00e9dia nacional.<\/p>\n<h2>Satisfa\u00e7\u00e3o com a vida<\/h2>\n<p>A frustra\u00e7\u00e3o dos brasileiros nestes primeiros meses de 2019 tamb\u00e9m aparece no \u00edndice de satisfa\u00e7\u00e3o com a vida. O indicador caiu 0,5 ponto na compara\u00e7\u00e3o com abril e ficou em 67,4 pontos em junho, abaixo da m\u00e9dia hist\u00f3rica de 69,6 pontos. Mesmo assim, est\u00e1 2,6 pontos acima do verificado em junho de 2018.<\/p>\n<p>A queda na satisfa\u00e7\u00e3o com a vida \u00e9 maior entre as pessoas que t\u00eam curso superior. Nesse estrato da popula\u00e7\u00e3o, o \u00edndice caiu de 71,4 pontos em abril para 68,6 pontos em junho.<\/p>\n<p>De acordo com a CNI, o acompanhamento dos \u00edndices de satisfa\u00e7\u00e3o com a vida e de medo do desemprego antecipa o que vai ocorrer com o consumo das fam\u00edlias. Pessoas menos satisfeitas com a vida e com medo de perder o emprego tendem a reduzir o consumo, o que aumenta as dificuldades de recupera\u00e7\u00e3o da economia.<\/p>\n<p>A\u00a0<a href=\"http:\/\/www.portaldaindustria.com.br\/estatisticas\/medo-do-desemprego-satisfacao-com-a-vida\/?utm_source=gpc_agencia_de_noticias&amp;utm_medium=site&amp;utm_campaign=IMDJun19\" target=\"_blank\" rel=\"noopener\">pesquisa<\/a>\u00a0ouviu 2 mil pessoas em 126 munic\u00edpios entre 20 e 23 de junho.<\/p>\n<p>Fonte: Ag\u00eancia Brasil<\/p>\n","protected":false},"excerpt":{"rendered":"<p>O medo do desemprego aumentou e a satisfa\u00e7\u00e3o com a vida diminuiu entre os brasileiros. \u00c9 o que revela a pesquisa da Confedera\u00e7\u00e3o Nacional da Industria (CNI), divulgada hoje. O \u00edndice do medo do desemprego cresceu 2,3 pontos em rela\u00e7\u00e3o a abril e alcan\u00e7ou 59,3 pontos em junho. O indicador est\u00e1 acima da m\u00e9dia hist\u00f3rica, [&hellip;]<\/p>\n","protected":false},"author":96,"featured_media":142889,"comment_status":"closed","ping_status":"closed","sticky":false,"template":"","format":"standard","meta":{"footnotes":""},"categories":[436,261,439],"tags":[],"class_list":["post-143032","post","type-post","status-publish","format-standard","has-post-thumbnail","hentry","category-destaque-da-semana","category-economia","category-ultima-hora"],"_links":{"self":[{"href":"https:\/\/diarioregionaldigital.com.br\/index.php?rest_route=\/wp\/v2\/posts\/143032","targetHints":{"allow":["GET"]}}],"collection":[{"href":"https:\/\/diarioregionaldigital.com.br\/index.php?rest_route=\/wp\/v2\/posts"}],"about":[{"href":"https:\/\/diarioregionaldigital.com.br\/index.php?rest_route=\/wp\/v2\/types\/post"}],"author":[{"embeddable":true,"href":"https:\/\/diarioregionaldigital.com.br\/index.php?rest_route=\/wp\/v2\/users\/96"}],"replies":[{"embeddable":true,"href":"https:\/\/diarioregionaldigital.com.br\/index.php?rest_route=%2Fwp%2Fv2%2Fcomments&post=143032"}],"version-history":[{"count":0,"href":"https:\/\/diarioregionaldigital.com.br\/index.php?rest_route=\/wp\/v2\/posts\/143032\/revisions"}],"wp:featuredmedia":[{"embeddable":true,"href":"https:\/\/diarioregionaldigital.com.br\/index.php?rest_route=\/wp\/v2\/media\/142889"}],"wp:attachment":[{"href":"https:\/\/diarioregionaldigital.com.br\/index.php?rest_route=%2Fwp%2Fv2%2Fmedia&parent=143032"}],"wp:term":[{"taxonomy":"category","embeddable":true,"href":"https:\/\/diarioregionaldigital.com.br\/index.php?rest_route=%2Fwp%2Fv2%2Fcategories&post=143032"},{"taxonomy":"post_tag","embeddable":true,"href":"https:\/\/diarioregionaldigital.com.br\/index.php?rest_route=%2Fwp%2Fv2%2Ftags&post=143032"}],"curies":[{"name":"wp","href":"https:\/\/api.w.org\/{rel}","templated":true}]}}