{"id":143029,"date":"2019-07-03T14:14:21","date_gmt":"2019-07-03T17:14:21","guid":{"rendered":"https:\/\/diarioregionaldigital.com.br\/?p=143029"},"modified":"2019-07-03T14:14:21","modified_gmt":"2019-07-03T17:14:21","slug":"chile-e-peru-decidem-hoje-quem-pega-o-brasil-na-final-da-copa-america","status":"publish","type":"post","link":"https:\/\/diarioregionaldigital.com.br\/?p=143029","title":{"rendered":"Chile e Peru decidem hoje quem pega o Brasil na final da Copa Am\u00e9rica"},"content":{"rendered":"<p>As sele\u00e7\u00f5es do Chile e Peru decidem hoje (3) quem enfrentar\u00e1 o Brasil no pr\u00f3ximo domingo (7), \u00e0s 17h, no Est\u00e1dio do Maracan\u00e3, no Rio de Janeiro, no jogo final da Copa Am\u00e9rica 2019. Chilenos e peruanos j\u00e1 est\u00e3o em Porto Alegre e acompanharam pela televis\u00e3o a vit\u00f3ria do Brasil sobre a Argentina por 2 a 0, jogo realizado na noite dessa ter\u00e7a-feira (2), no Mineir\u00e3o, em Belo Horizonte.<\/p>\n<p>O Chile busca uma vit\u00f3ria contra os peruanos para tentar o tricampeonato da competi\u00e7\u00e3o, pois venceram em 2015 e 2016. A sele\u00e7\u00e3o peruana \u00e9 a surpresa da rodada semifinal. A equipe comandada pelo t\u00e9cnico Ricardo Gareca eliminou o Uruguai na decis\u00e3o por p\u00eanaltis. Ontem, os peruanos fizeram trabalhos f\u00edsicos e t\u00e1ticos no complexo do Sesc na capital ga\u00facha. Durante entrevista, o lateral Yoshimar Yot\u00fan falou sobre a situa\u00e7\u00e3o atual do gramado da Arena do Gr\u00eamio, que tem sido motivo de reclama\u00e7\u00f5es de jogadores de outras sele\u00e7\u00f5es, como do Brasil e da Argentina. Ele admitiu que o campo est\u00e1 com a grama muito irregular, mas que essas condi\u00e7\u00f5es atingem as duas equipes.<\/p>\n<p>O t\u00e9cnico Ricardo Gareca, ao ser indagado sobre a qualidade do ataque do Chile, disse que jogadores como Alex Sanches e Vargas s\u00e3o dif\u00edceis de marcar. Por isso, \u00e9 importante que a defesa peruana mantenha um alto n\u00edvel de concentra\u00e7\u00e3o quanto a movimenta\u00e7\u00e3o do ataque chileno.<\/p>\n<div class=\"dnd-widget-wrapper context-cheio_8colunas type-image\">\n<div class=\"dnd-atom-rendered\">\n<figure class=\"mejs-fotoh-wrapper\"><img decoding=\"async\" class=\"img-responsive full full\" title=\"Fernando Fraz\u00e3o\/Ag\u00eancia Brasil\" src=\"http:\/\/imagens.ebc.com.br\/v__l8IpRhu8BaBsnM-SffDxZqVE=\/754x0\/smart\/http:\/\/agenciabrasil.ebc.com.br\/sites\/default\/files\/thumbnails\/image\/ffraz_20190624_abr_1612_1.jpg?itok=QPq28k3S\" alt=\"Chile e Uruguai disputam no Maracan\u00e3 partida da terceira rodada da primeira fase da Copa Am\u00e9rica Brasil 2019.\" \/><\/figure>\n<\/div>\n<div class=\"dnd-caption-wrapper\">\n<div class=\"meta\">O atacante Alex Sanches \u00e9 uma das armas do Chile para o jogo contra o Peru &#8211;\u00a0<strong>Fernando Fraz\u00e3o\/Ag\u00eancia Brasil<\/strong><\/div>\n<\/div>\n<\/div>\n<p>Chile e Peru jogam a partir das 21h30, na Arena do Gr\u00eamio. Os peruanos dever\u00e3o entrar em campo sem o zagueiro Alexander Callens, que se machucou durante os treinos.<\/p>\n<p>Para o treinador Gareca, a aus\u00eancia de Callens n\u00e3o mudar\u00e1 a forma como a equipe enfrentar\u00e1 os chilenos. Segundo ele, o importante \u00e9 o time evoluir a cada jogo. \u201cTemos que jogar sempre uma partida melhor do que a outra\u201d, disse.<\/p>\n<div class=\"dnd-widget-wrapper context-cheio_8colunas type-image\">\n<div class=\"dnd-atom-rendered\">\n<figure class=\"mejs-fotoh-wrapper\"><img decoding=\"async\" class=\"img-responsive full full\" title=\"Max Rossi\/Reuters\/ Direitos reservados\" src=\"http:\/\/imagens.ebc.com.br\/WPYuD0X88OX2f5J27kia6KnPkr8=\/754x0\/smart\/http:\/\/agenciabrasil.ebc.com.br\/sites\/default\/files\/thumbnails\/image\/max_rossi_reuters.jpg?itok=kNLfnNhy\" alt=\"Copa 2018, Per\u00fa e Austr\u00e1lia, Gol Guerrerol   REUTERS\/Max Rossi\" \/><\/figure>\n<\/div>\n<div class=\"dnd-caption-wrapper\">\n<div class=\"meta\">Guerrero \u00e9 o principal nome do ataque da sele\u00e7\u00e3o peruana REUTERS\/Max Rossi &#8211;\u00a0<strong>Max Rossi\/Reuters\/ Direitos reservados<\/strong><\/div>\n<\/div>\n<\/div>\n<p>Por outro lado, os chilenos prometem apresentar o seu melhor futebol para vencer os peruanos e, assim, tentar contra o Brasil a conquista do seu terceiro t\u00edtulo continental.<\/p>\n<p>\u201cQueremos ficar na hist\u00f3ria como tricampe\u00f5es, \u00e9 o nosso principal sonho. Por isso, diante do Peru, queremos fazer a nossa melhor partida da Copa Am\u00e9rica\u201d, disse o meio campista Vidal, um dos l\u00edderes da equipe ao lado do atacante Alex Sanches.<\/p>\n<p>O treinador Reinaldo Rueda dever\u00e1 escalar a sele\u00e7\u00e3o chilena com os seguintes jogadores: Arias, no gol; Isla, Medel, Marip\u00e1n e Beausejour, na defesa; Pulgar, Vidal, Ar\u00e1nguiz e Fuenzalida, no meio de campo; e no ataque S\u00e1nchez e Vargas.<\/p>\n<p>Gareca pretende colocar em campo a equipe peruana com: Gallese, no gol; Advincula, Zambrano, Abram e Trauco, na defesa; Tapia, Yot\u00fan, Carrillo, Cueva e Florez, no meio de campo; e o atacante Guerrero.<\/p>\n<p>Fonte: Ag\u00eancia Brasil<\/p>\n","protected":false},"excerpt":{"rendered":"<p>As sele\u00e7\u00f5es do Chile e Peru decidem hoje (3) quem enfrentar\u00e1 o Brasil no pr\u00f3ximo domingo (7), \u00e0s 17h, no Est\u00e1dio do Maracan\u00e3, no Rio de Janeiro, no jogo final da Copa Am\u00e9rica 2019. Chilenos e peruanos j\u00e1 est\u00e3o em Porto Alegre e acompanharam pela televis\u00e3o a vit\u00f3ria do Brasil sobre a Argentina por 2 [&hellip;]<\/p>\n","protected":false},"author":96,"featured_media":143030,"comment_status":"closed","ping_status":"closed","sticky":false,"template":"","format":"standard","meta":{"footnotes":""},"categories":[436,257,439],"tags":[],"class_list":["post-143029","post","type-post","status-publish","format-standard","has-post-thumbnail","hentry","category-destaque-da-semana","category-esporte","category-ultima-hora"],"_links":{"self":[{"href":"https:\/\/diarioregionaldigital.com.br\/index.php?rest_route=\/wp\/v2\/posts\/143029","targetHints":{"allow":["GET"]}}],"collection":[{"href":"https:\/\/diarioregionaldigital.com.br\/index.php?rest_route=\/wp\/v2\/posts"}],"about":[{"href":"https:\/\/diarioregionaldigital.com.br\/index.php?rest_route=\/wp\/v2\/types\/post"}],"author":[{"embeddable":true,"href":"https:\/\/diarioregionaldigital.com.br\/index.php?rest_route=\/wp\/v2\/users\/96"}],"replies":[{"embeddable":true,"href":"https:\/\/diarioregionaldigital.com.br\/index.php?rest_route=%2Fwp%2Fv2%2Fcomments&post=143029"}],"version-history":[{"count":0,"href":"https:\/\/diarioregionaldigital.com.br\/index.php?rest_route=\/wp\/v2\/posts\/143029\/revisions"}],"wp:featuredmedia":[{"embeddable":true,"href":"https:\/\/diarioregionaldigital.com.br\/index.php?rest_route=\/wp\/v2\/media\/143030"}],"wp:attachment":[{"href":"https:\/\/diarioregionaldigital.com.br\/index.php?rest_route=%2Fwp%2Fv2%2Fmedia&parent=143029"}],"wp:term":[{"taxonomy":"category","embeddable":true,"href":"https:\/\/diarioregionaldigital.com.br\/index.php?rest_route=%2Fwp%2Fv2%2Fcategories&post=143029"},{"taxonomy":"post_tag","embeddable":true,"href":"https:\/\/diarioregionaldigital.com.br\/index.php?rest_route=%2Fwp%2Fv2%2Ftags&post=143029"}],"curies":[{"name":"wp","href":"https:\/\/api.w.org\/{rel}","templated":true}]}}