{"id":143016,"date":"2019-07-03T06:00:20","date_gmt":"2019-07-03T09:00:20","guid":{"rendered":"https:\/\/diarioregionaldigital.com.br\/?p=143016"},"modified":"2019-07-02T19:13:34","modified_gmt":"2019-07-02T22:13:34","slug":"prefeitura-municipal-de-descoberto-extrato-de-contrato-03-07-19","status":"publish","type":"post","link":"https:\/\/diarioregionaldigital.com.br\/?p=143016","title":{"rendered":"Prefeitura Municipal de Descoberto &#8211; Extrato de Contrato &#8211; 03\/07\/19"},"content":{"rendered":"<p style=\"text-align: center;\"><strong>EXTRATO DE CONTRATO<\/strong><\/p>\n<p style=\"text-align: center;\">Pref. Municipal de Descoberto x Instituto IBDO de Gest\u00e3o e Projetos \u2013 Objeto: Contrata\u00e7\u00e3o de sociedade empres\u00e1ria especializada para realiza\u00e7\u00e3o de servi\u00e7os t\u00e9cnicos especializados para elabora\u00e7\u00e3o, organiza\u00e7\u00e3o e realiza\u00e7\u00e3o de concurso p\u00fablico de provas e t\u00edtulos para suprir as car\u00eancias permanentes da administra\u00e7\u00e3o do munic\u00edpio de Descoberto-MG \u2013 Fundamento: Preg\u00e3o n\u00ba 015\/2019 &#8211; Valor Global: 31.000,00 &#8211; Vig\u00eancia: 150 (cento e cinquenta) dias para o CONCURSO P\u00daBLICO e de 80 (oitenta) dias para o PROCESSO SELETIVO SIMPLIFICADO &#8211; Dot or\u00e7: 02.02000.04.122.0002.218-339039\/100 \u00a0&#8211; Ass: 02\/07\/2019 &#8211; Foro: S\u00e3o Jo\u00e3o Nepomuceno\/MG.<\/p>\n<p style=\"text-align: center;\"><strong>Marcos de Ara\u00fajo Lima<\/strong><\/p>\n<p style=\"text-align: center;\"><strong>Prefeito Municipal<\/strong><\/p>\n","protected":false},"excerpt":{"rendered":"<p>EXTRATO DE CONTRATO Pref. Municipal de Descoberto x Instituto IBDO de Gest\u00e3o e Projetos \u2013 Objeto: Contrata\u00e7\u00e3o de sociedade empres\u00e1ria especializada para realiza\u00e7\u00e3o de servi\u00e7os t\u00e9cnicos especializados para elabora\u00e7\u00e3o, organiza\u00e7\u00e3o e realiza\u00e7\u00e3o de concurso p\u00fablico de provas e t\u00edtulos para suprir as car\u00eancias permanentes da administra\u00e7\u00e3o do munic\u00edpio de Descoberto-MG \u2013 Fundamento: Preg\u00e3o n\u00ba 015\/2019 [&hellip;]<\/p>\n","protected":false},"author":96,"featured_media":0,"comment_status":"closed","ping_status":"closed","sticky":false,"template":"","format":"standard","meta":{"footnotes":""},"categories":[307],"tags":[],"class_list":["post-143016","post","type-post","status-publish","format-standard","hentry","category-editais"],"_links":{"self":[{"href":"https:\/\/diarioregionaldigital.com.br\/index.php?rest_route=\/wp\/v2\/posts\/143016","targetHints":{"allow":["GET"]}}],"collection":[{"href":"https:\/\/diarioregionaldigital.com.br\/index.php?rest_route=\/wp\/v2\/posts"}],"about":[{"href":"https:\/\/diarioregionaldigital.com.br\/index.php?rest_route=\/wp\/v2\/types\/post"}],"author":[{"embeddable":true,"href":"https:\/\/diarioregionaldigital.com.br\/index.php?rest_route=\/wp\/v2\/users\/96"}],"replies":[{"embeddable":true,"href":"https:\/\/diarioregionaldigital.com.br\/index.php?rest_route=%2Fwp%2Fv2%2Fcomments&post=143016"}],"version-history":[{"count":0,"href":"https:\/\/diarioregionaldigital.com.br\/index.php?rest_route=\/wp\/v2\/posts\/143016\/revisions"}],"wp:attachment":[{"href":"https:\/\/diarioregionaldigital.com.br\/index.php?rest_route=%2Fwp%2Fv2%2Fmedia&parent=143016"}],"wp:term":[{"taxonomy":"category","embeddable":true,"href":"https:\/\/diarioregionaldigital.com.br\/index.php?rest_route=%2Fwp%2Fv2%2Fcategories&post=143016"},{"taxonomy":"post_tag","embeddable":true,"href":"https:\/\/diarioregionaldigital.com.br\/index.php?rest_route=%2Fwp%2Fv2%2Ftags&post=143016"}],"curies":[{"name":"wp","href":"https:\/\/api.w.org\/{rel}","templated":true}]}}