{"id":143013,"date":"2019-07-03T06:00:22","date_gmt":"2019-07-03T09:00:22","guid":{"rendered":"https:\/\/diarioregionaldigital.com.br\/?p=143013"},"modified":"2019-07-02T19:10:10","modified_gmt":"2019-07-02T22:10:10","slug":"em-destaque","status":"publish","type":"post","link":"https:\/\/diarioregionaldigital.com.br\/?p=143013","title":{"rendered":"Em Destaque"},"content":{"rendered":"<p style=\"text-align: center;\"><strong>Show<\/strong><\/p>\n<p style=\"text-align: center;\">O produtor de moda e desfiles Thony Jefferson (Diamond Model\u2019s) vai apresentar seu primeiro Standy-Up em comemora\u00e7\u00e3o aos dez anos de carreira, dia 5 de julho, \u00e0s 20h, no teatro do CEU, zona Norte de Juiz de Fora.<\/p>\n<p style=\"text-align: center;\"><strong>Bodas de Prata<\/strong><\/p>\n<p style=\"text-align: center;\">Em cartaz no Forum da Cultura da UFJF uma bela exposi\u00e7\u00e3o com 18 pain\u00e9is revelando fotografias de espet\u00e1culos feitos pelo Grupo Divulga\u00e7\u00e3o em comemora\u00e7\u00e3o aos 25 anos da cria\u00e7\u00e3o do N\u00facleo da Terceira Idade, incluindo ainda trechos de roteiros, reflex\u00e3o sobre autores, o grupo e de espet\u00e1culos.<\/p>\n<p style=\"text-align: center;\"><strong>Dim-Dim<\/strong><\/p>\n<p style=\"text-align: center;\">Olha s\u00f3: H\u00e1 tr\u00eas meses, a Caixa subscreveu uma capitaliza\u00e7\u00e3o do Banco Pan, do qual \u00e9 controladora ao lado do BTG. Restabeleceu assim sua participa\u00e7\u00e3o no banco. Na opera\u00e7\u00e3o, teve um ganho de cerca de R$500 milh\u00f5es. Comprou as a\u00e7\u00f5es em torno de R$3. Hoje, elas valem quase R$7.<\/p>\n<p style=\"text-align: center;\"><strong>Em Destaque<\/strong><\/p>\n<p style=\"text-align: center;\">O pesquisador Paulo Rezzuti vai ser o autor de uma nova biografia de D. Pedro II. \u201cVencedor do pr\u00eamio Jabuti\u201d, D. Pedro II &#8211; A hist\u00f3ria n\u00e3o contada (Leya Brasil) ser\u00e1 lan\u00e7ada em agosto e d\u00e1 continuidade \u00e0 s\u00e9rie que destrinchou as vidas de D. Pedro I e Dona Leopoldina. O livro conta que ao longo da vida D. Pedro II utilizou-se de uma caderneta preta na qual anotava a l\u00e1pis os nomes de pol\u00edticos ministros, altos funcion\u00e1rios p\u00fablicos e personagens da Corte que ca\u00edam em desgra\u00e7a com ele. Bastava entrar na tal caderneta para o infeliz perder a esperan\u00e7a de obter cargo ou t\u00edtulo que dependesse de sua majestade.<\/p>\n<div id=\"attachment_142986\" style=\"width: 690px\" class=\"wp-caption aligncenter\"><img loading=\"lazy\" decoding=\"async\" aria-describedby=\"caption-attachment-142986\" class=\"wp-image-142986\" src=\"https:\/\/diarioregionaldigital.com.br\/wp-content\/uploads\/2019\/07\/fotoa-1-e1562099572920.jpg\" alt=\"\" width=\"680\" height=\"523\" srcset=\"https:\/\/diarioregionaldigital.com.br\/wp-content\/uploads\/2019\/07\/fotoa-1-e1562099572920.jpg 1168w, https:\/\/diarioregionaldigital.com.br\/wp-content\/uploads\/2019\/07\/fotoa-1-e1562099572920-300x231.jpg 300w, https:\/\/diarioregionaldigital.com.br\/wp-content\/uploads\/2019\/07\/fotoa-1-e1562099572920-768x591.jpg 768w, https:\/\/diarioregionaldigital.com.br\/wp-content\/uploads\/2019\/07\/fotoa-1-e1562099572920-1024x788.jpg 1024w, https:\/\/diarioregionaldigital.com.br\/wp-content\/uploads\/2019\/07\/fotoa-1-e1562099572920-360x277.jpg 360w\" sizes=\"auto, (max-width: 680px) 100vw, 680px\" \/><p id=\"caption-attachment-142986\" class=\"wp-caption-text\">Em ritmo de festa junina na Fazenda Santa Helena, Isabel Lopes e Sueli Mantoni<\/p><\/div>\n<div id=\"attachment_142988\" style=\"width: 690px\" class=\"wp-caption aligncenter\"><img loading=\"lazy\" decoding=\"async\" aria-describedby=\"caption-attachment-142988\" class=\"wp-image-142988\" src=\"https:\/\/diarioregionaldigital.com.br\/wp-content\/uploads\/2019\/07\/fotob-1-e1562104964434.jpg\" alt=\"\" width=\"680\" height=\"497\" srcset=\"https:\/\/diarioregionaldigital.com.br\/wp-content\/uploads\/2019\/07\/fotob-1-e1562104964434.jpg 1164w, https:\/\/diarioregionaldigital.com.br\/wp-content\/uploads\/2019\/07\/fotob-1-e1562104964434-300x219.jpg 300w, https:\/\/diarioregionaldigital.com.br\/wp-content\/uploads\/2019\/07\/fotob-1-e1562104964434-768x561.jpg 768w, https:\/\/diarioregionaldigital.com.br\/wp-content\/uploads\/2019\/07\/fotob-1-e1562104964434-1024x749.jpg 1024w, https:\/\/diarioregionaldigital.com.br\/wp-content\/uploads\/2019\/07\/fotob-1-e1562104964434-360x263.jpg 360w\" sizes=\"auto, (max-width: 680px) 100vw, 680px\" \/><p id=\"caption-attachment-142988\" class=\"wp-caption-text\">Durante feijoada no Espa\u00e7o Ubaense em Ub\u00e1 (MG), Volnei da Silva, Let\u00edcia e Andr\u00e9a Cintia<\/p><\/div>\n<div id=\"attachment_142989\" style=\"width: 690px\" class=\"wp-caption aligncenter\"><img loading=\"lazy\" decoding=\"async\" aria-describedby=\"caption-attachment-142989\" class=\"wp-image-142989\" src=\"https:\/\/diarioregionaldigital.com.br\/wp-content\/uploads\/2019\/07\/fotoc-1-e1562104986306.jpg\" alt=\"\" width=\"680\" height=\"498\" srcset=\"https:\/\/diarioregionaldigital.com.br\/wp-content\/uploads\/2019\/07\/fotoc-1-e1562104986306.jpg 1386w, https:\/\/diarioregionaldigital.com.br\/wp-content\/uploads\/2019\/07\/fotoc-1-e1562104986306-300x220.jpg 300w, https:\/\/diarioregionaldigital.com.br\/wp-content\/uploads\/2019\/07\/fotoc-1-e1562104986306-768x562.jpg 768w, https:\/\/diarioregionaldigital.com.br\/wp-content\/uploads\/2019\/07\/fotoc-1-e1562104986306-1024x750.jpg 1024w, https:\/\/diarioregionaldigital.com.br\/wp-content\/uploads\/2019\/07\/fotoc-1-e1562104986306-360x264.jpg 360w\" sizes=\"auto, (max-width: 680px) 100vw, 680px\" \/><p id=\"caption-attachment-142989\" class=\"wp-caption-text\">No Bar da Laje, as lindas Erika Beire, N\u00e1dia Justi e Lidiane Stambassi<\/p><\/div>\n<div id=\"attachment_142991\" style=\"width: 690px\" class=\"wp-caption aligncenter\"><img loading=\"lazy\" decoding=\"async\" aria-describedby=\"caption-attachment-142991\" class=\"wp-image-142991\" src=\"https:\/\/diarioregionaldigital.com.br\/wp-content\/uploads\/2019\/07\/fotod-1.jpg\" alt=\"\" width=\"680\" height=\"453\" srcset=\"https:\/\/diarioregionaldigital.com.br\/wp-content\/uploads\/2019\/07\/fotod-1.jpg 1764w, https:\/\/diarioregionaldigital.com.br\/wp-content\/uploads\/2019\/07\/fotod-1-300x200.jpg 300w, https:\/\/diarioregionaldigital.com.br\/wp-content\/uploads\/2019\/07\/fotod-1-768x512.jpg 768w, https:\/\/diarioregionaldigital.com.br\/wp-content\/uploads\/2019\/07\/fotod-1-1024x683.jpg 1024w, https:\/\/diarioregionaldigital.com.br\/wp-content\/uploads\/2019\/07\/fotod-1-360x240.jpg 360w\" sizes=\"auto, (max-width: 680px) 100vw, 680px\" \/><p id=\"caption-attachment-142991\" class=\"wp-caption-text\">No Restaurante Pal\u00e1cio, Ivanir Ferreira, Dani Verpel e Carlos Alberto Ferreira<\/p><\/div>\n<div id=\"attachment_142992\" style=\"width: 690px\" class=\"wp-caption aligncenter\"><img loading=\"lazy\" decoding=\"async\" aria-describedby=\"caption-attachment-142992\" class=\"wp-image-142992\" src=\"https:\/\/diarioregionaldigital.com.br\/wp-content\/uploads\/2019\/07\/fotoe-1.jpg\" alt=\"\" width=\"680\" height=\"451\" srcset=\"https:\/\/diarioregionaldigital.com.br\/wp-content\/uploads\/2019\/07\/fotoe-1.jpg 1764w, https:\/\/diarioregionaldigital.com.br\/wp-content\/uploads\/2019\/07\/fotoe-1-300x199.jpg 300w, https:\/\/diarioregionaldigital.com.br\/wp-content\/uploads\/2019\/07\/fotoe-1-768x509.jpg 768w, https:\/\/diarioregionaldigital.com.br\/wp-content\/uploads\/2019\/07\/fotoe-1-1024x679.jpg 1024w, https:\/\/diarioregionaldigital.com.br\/wp-content\/uploads\/2019\/07\/fotoe-1-360x239.jpg 360w\" sizes=\"auto, (max-width: 680px) 100vw, 680px\" \/><p id=\"caption-attachment-142992\" class=\"wp-caption-text\">Na Mesa de Debates da TVE pelo YouTube, a Banda Contratempo com Gustavo Bernardo, Ian Sad e Guilf com Cristiano Moreira, Wilson Cyrillo e Caio Z\u00f3ia<\/p><\/div>\n<div id=\"attachment_142993\" style=\"width: 690px\" class=\"wp-caption aligncenter\"><img loading=\"lazy\" decoding=\"async\" aria-describedby=\"caption-attachment-142993\" class=\"wp-image-142993\" src=\"https:\/\/diarioregionaldigital.com.br\/wp-content\/uploads\/2019\/07\/fotof-1-e1562105038282.jpg\" alt=\"\" width=\"680\" height=\"551\" srcset=\"https:\/\/diarioregionaldigital.com.br\/wp-content\/uploads\/2019\/07\/fotof-1-e1562105038282.jpg 1167w, https:\/\/diarioregionaldigital.com.br\/wp-content\/uploads\/2019\/07\/fotof-1-e1562105038282-300x243.jpg 300w, https:\/\/diarioregionaldigital.com.br\/wp-content\/uploads\/2019\/07\/fotof-1-e1562105038282-768x622.jpg 768w, https:\/\/diarioregionaldigital.com.br\/wp-content\/uploads\/2019\/07\/fotof-1-e1562105038282-1024x829.jpg 1024w, https:\/\/diarioregionaldigital.com.br\/wp-content\/uploads\/2019\/07\/fotof-1-e1562105038282-360x292.jpg 360w\" sizes=\"auto, (max-width: 680px) 100vw, 680px\" \/><p id=\"caption-attachment-142993\" class=\"wp-caption-text\">Em cena festa junina no Tenetehara Instituto Cultural, Juber Pac\u00edfico<\/p><\/div>\n<div id=\"attachment_142995\" style=\"width: 690px\" class=\"wp-caption aligncenter\"><img loading=\"lazy\" decoding=\"async\" aria-describedby=\"caption-attachment-142995\" class=\"wp-image-142995\" src=\"https:\/\/diarioregionaldigital.com.br\/wp-content\/uploads\/2019\/07\/fotoh-1-e1562105123437.jpg\" alt=\"\" width=\"680\" height=\"566\" srcset=\"https:\/\/diarioregionaldigital.com.br\/wp-content\/uploads\/2019\/07\/fotoh-1-e1562105123437.jpg 1168w, https:\/\/diarioregionaldigital.com.br\/wp-content\/uploads\/2019\/07\/fotoh-1-e1562105123437-300x250.jpg 300w, https:\/\/diarioregionaldigital.com.br\/wp-content\/uploads\/2019\/07\/fotoh-1-e1562105123437-768x639.jpg 768w, https:\/\/diarioregionaldigital.com.br\/wp-content\/uploads\/2019\/07\/fotoh-1-e1562105123437-1024x852.jpg 1024w, https:\/\/diarioregionaldigital.com.br\/wp-content\/uploads\/2019\/07\/fotoh-1-e1562105123437-360x300.jpg 360w\" sizes=\"auto, (max-width: 680px) 100vw, 680px\" \/><p id=\"caption-attachment-142995\" class=\"wp-caption-text\">Neuza Marsicano mostra eleg\u00e2ncia no Hotel Windsor (Rio)<\/p><\/div>\n<div id=\"attachment_142996\" style=\"width: 690px\" class=\"wp-caption aligncenter\"><img loading=\"lazy\" decoding=\"async\" aria-describedby=\"caption-attachment-142996\" class=\"wp-image-142996\" src=\"https:\/\/diarioregionaldigital.com.br\/wp-content\/uploads\/2019\/07\/fotoi-1-e1562105149126.jpg\" alt=\"\" width=\"680\" height=\"771\" srcset=\"https:\/\/diarioregionaldigital.com.br\/wp-content\/uploads\/2019\/07\/fotoi-1-e1562105149126.jpg 1171w, https:\/\/diarioregionaldigital.com.br\/wp-content\/uploads\/2019\/07\/fotoi-1-e1562105149126-265x300.jpg 265w, https:\/\/diarioregionaldigital.com.br\/wp-content\/uploads\/2019\/07\/fotoi-1-e1562105149126-768x871.jpg 768w, https:\/\/diarioregionaldigital.com.br\/wp-content\/uploads\/2019\/07\/fotoi-1-e1562105149126-903x1024.jpg 903w, https:\/\/diarioregionaldigital.com.br\/wp-content\/uploads\/2019\/07\/fotoi-1-e1562105149126-360x408.jpg 360w\" sizes=\"auto, (max-width: 680px) 100vw, 680px\" \/><p id=\"caption-attachment-142996\" class=\"wp-caption-text\">Curtindo a Parada Gay em S\u00e3o Paulo, Paulo Henrique Curzio e sua m\u00e3e Heloisa Curzio<\/p><\/div>\n<div id=\"attachment_142994\" style=\"width: 690px\" class=\"wp-caption aligncenter\"><img loading=\"lazy\" decoding=\"async\" aria-describedby=\"caption-attachment-142994\" class=\"wp-image-142994\" src=\"https:\/\/diarioregionaldigital.com.br\/wp-content\/uploads\/2019\/07\/fotog-1-e1562105083273.jpg\" alt=\"\" width=\"680\" height=\"479\" srcset=\"https:\/\/diarioregionaldigital.com.br\/wp-content\/uploads\/2019\/07\/fotog-1-e1562105083273.jpg 1147w, https:\/\/diarioregionaldigital.com.br\/wp-content\/uploads\/2019\/07\/fotog-1-e1562105083273-300x210.jpg 300w, https:\/\/diarioregionaldigital.com.br\/wp-content\/uploads\/2019\/07\/fotog-1-e1562105083273-768x541.jpg 768w, https:\/\/diarioregionaldigital.com.br\/wp-content\/uploads\/2019\/07\/fotog-1-e1562105083273-1024x721.jpg 1024w, https:\/\/diarioregionaldigital.com.br\/wp-content\/uploads\/2019\/07\/fotog-1-e1562105083273-360x254.jpg 360w, https:\/\/diarioregionaldigital.com.br\/wp-content\/uploads\/2019\/07\/fotog-1-e1562105083273-100x70.jpg 100w\" sizes=\"auto, (max-width: 680px) 100vw, 680px\" \/><p id=\"caption-attachment-142994\" class=\"wp-caption-text\">Jovens antenados na Catedral de S\u00e3o Pedro em Petr\u00f3polis, Diva Marques, Fabr\u00edcio Viana, Leandro Pereira e Talison Vardieiro<\/p><\/div>\n<p style=\"text-align: center;\"><strong>FOTOSS\u00cdNTESE<\/strong><\/p>\n<p>Procurando sempre compartilhar momentos e sorrisos o sal\u00e3o Jael Pifano e equipe completou 33 anos de atividades sempre trilhando o caminho do sucesso.<\/p>\n<p>Causou boa repercuss\u00e3o a palestra realizada no Ritz Plaza Hotel como o m\u00e9dico do Flamengo e do UFC no Brasil, M\u00e1rcio Tannure. Ele falou sobre a rela\u00e7\u00e3o do \u201cHorm\u00f4nio do Stress\u201d com o ganho de massa muscular.<\/p>\n<p>O zagueiro David Luis, de f\u00e9rias em Juiz de Fora, est\u00e1 de contrato renovado com o Chelsea.<\/p>\n<p>Cultivando a cultura alem\u00e3 de Petr\u00f3polis (RJ). Na oportunidade, Alexandre Hill fez palestra com o tema de seu livro \u201cDi\u00e1rio de um imigrante alem\u00e3o\u201d.<\/p>\n<p>O cineasta e professor Franco Groia foi o convidado do Memorial da Rep\u00fablica Itamar Franco para a exibi\u00e7\u00e3o do curta \u201cJo\u00e3o Carri\u00e7o, o amigo do povo.\u201d<\/p>\n<p>Durante a entrega da \u201cMedalha Presidente Itamar Franco\u201d, que agraciou tamb\u00e9m integrantes do \u201cbando de sonhadores\u201d, nome dado \u00e0 equipe de Itamar na Prefeitura de Juiz de Fora entre 1967 e 1970. Entre outros, Ismair Zaghetto, Andr\u00e9 Hallack, Clodesmidt Riani, Geraldo Mendes, Ivan Vaz de Melo, Luis Sefair e Tarc\u00edsio Delgado.<\/p>\n<p>Digno de elogios e no alto de seus 91 anos, Manuel Bernardino, prestes a se formar no Ensino M\u00e9dio, lan\u00e7ou seu livro \u201cEm busca dos sonhos perdidos\u201d, no CESU Cust\u00f3dio Furtado de Souza, no Teixeiras.<\/p>\n<p>Valesca Mencini e William Rogers Dias, Sarah Reis, Caio Seccadio e Isabella Silva eram presen\u00e7as bonitas na Feijoada do Cascatinha. O tom musical foi do TiTiTi da Resenha, bateria do Unidos do Ladeira e a cantora Alessandra Crispin.<\/p>\n<p>Jane e Vitinho Roux festejaram com alegria o primeiro aninho do filho Th\u00e9o Roux.<\/p>\n<p>Com card\u00e1pio delicioso, a Casa D\u2019It\u00e1lia promoveu jantar \u00e0 base de \u201cInocchi della fortuna\u201d com a boa m\u00fasica do cantor Dom\u00edcio Proc\u00f3pio.<\/p>\n<p>Para arquivar: Os dois maiores luxos da vida: ter sa\u00fade e estar com aqueles que mais amamos! Bom dia!<\/p>\n<p><img loading=\"lazy\" decoding=\"async\" class=\"aligncenter size-full wp-image-142227\" src=\"https:\/\/diarioregionaldigital.com.br\/wp-content\/uploads\/2019\/06\/anuncio7.jpg\" alt=\"\" width=\"3477\" height=\"1288\" srcset=\"https:\/\/diarioregionaldigital.com.br\/wp-content\/uploads\/2019\/06\/anuncio7.jpg 3477w, https:\/\/diarioregionaldigital.com.br\/wp-content\/uploads\/2019\/06\/anuncio7-300x111.jpg 300w, https:\/\/diarioregionaldigital.com.br\/wp-content\/uploads\/2019\/06\/anuncio7-768x284.jpg 768w, https:\/\/diarioregionaldigital.com.br\/wp-content\/uploads\/2019\/06\/anuncio7-1024x379.jpg 1024w, https:\/\/diarioregionaldigital.com.br\/wp-content\/uploads\/2019\/06\/anuncio7-360x133.jpg 360w\" sizes=\"auto, (max-width: 3477px) 100vw, 3477px\" \/><\/p>\n","protected":false},"excerpt":{"rendered":"<p>Show O produtor de moda e desfiles Thony Jefferson (Diamond Model\u2019s) vai apresentar seu primeiro Standy-Up em comemora\u00e7\u00e3o aos dez anos de carreira, dia 5 de julho, \u00e0s 20h, no teatro do CEU, zona Norte de Juiz de Fora. Bodas de Prata Em cartaz no Forum da Cultura da UFJF uma bela exposi\u00e7\u00e3o com 18 [&hellip;]<\/p>\n","protected":false},"author":96,"featured_media":142986,"comment_status":"closed","ping_status":"closed","sticky":false,"template":"","format":"standard","meta":{"footnotes":""},"categories":[264],"tags":[],"class_list":["post-143013","post","type-post","status-publish","format-standard","has-post-thumbnail","hentry","category-eduardo-gomes"],"_links":{"self":[{"href":"https:\/\/diarioregionaldigital.com.br\/index.php?rest_route=\/wp\/v2\/posts\/143013","targetHints":{"allow":["GET"]}}],"collection":[{"href":"https:\/\/diarioregionaldigital.com.br\/index.php?rest_route=\/wp\/v2\/posts"}],"about":[{"href":"https:\/\/diarioregionaldigital.com.br\/index.php?rest_route=\/wp\/v2\/types\/post"}],"author":[{"embeddable":true,"href":"https:\/\/diarioregionaldigital.com.br\/index.php?rest_route=\/wp\/v2\/users\/96"}],"replies":[{"embeddable":true,"href":"https:\/\/diarioregionaldigital.com.br\/index.php?rest_route=%2Fwp%2Fv2%2Fcomments&post=143013"}],"version-history":[{"count":0,"href":"https:\/\/diarioregionaldigital.com.br\/index.php?rest_route=\/wp\/v2\/posts\/143013\/revisions"}],"wp:featuredmedia":[{"embeddable":true,"href":"https:\/\/diarioregionaldigital.com.br\/index.php?rest_route=\/wp\/v2\/media\/142986"}],"wp:attachment":[{"href":"https:\/\/diarioregionaldigital.com.br\/index.php?rest_route=%2Fwp%2Fv2%2Fmedia&parent=143013"}],"wp:term":[{"taxonomy":"category","embeddable":true,"href":"https:\/\/diarioregionaldigital.com.br\/index.php?rest_route=%2Fwp%2Fv2%2Fcategories&post=143013"},{"taxonomy":"post_tag","embeddable":true,"href":"https:\/\/diarioregionaldigital.com.br\/index.php?rest_route=%2Fwp%2Fv2%2Ftags&post=143013"}],"curies":[{"name":"wp","href":"https:\/\/api.w.org\/{rel}","templated":true}]}}