{"id":143007,"date":"2019-07-02T16:59:19","date_gmt":"2019-07-02T19:59:19","guid":{"rendered":"https:\/\/diarioregionaldigital.com.br\/?p=143007"},"modified":"2019-07-03T15:39:09","modified_gmt":"2019-07-03T18:39:09","slug":"bicho-preguica-e-resgatado-no-bairro-aeroporto-e-levado-para-o-parque-da-lajinha","status":"publish","type":"post","link":"https:\/\/diarioregionaldigital.com.br\/?p=143007","title":{"rendered":"Bicho-pregui\u00e7a \u00e9 resgatado no bairro Aeroporto e levado para o Parque da Lajinha"},"content":{"rendered":"<p>Nesta ter\u00e7a-feira, 2, funcion\u00e1rios da Secretaria de Meio Ambiente e Ordenamento Urbano (Semaur) que atuam no Parque Natural Municipal da Lajinha, da Guarda Municipal Ambiental (GMA) e Pol\u00edcia Militar Ambiental (PMA) resgataram um bicho-pregui\u00e7a na rua Francisco Batista de Oliveira, no bairro Aeroporto.<\/p>\n<p>Conforme as informa\u00e7\u00f5es da secretaria, o animal estava na grade de uma resid\u00eancia e, ap\u00f3s a captura, foi colocado em uma caixa transportadora e solto na mata, no Parque da Lajinha.<\/p>\n<p>De acordo com a secretaria, a suspeita \u00e9 que o bicho-pregui\u00e7a fugiu do Parque, uma vez que l\u00e1 j\u00e1 existe uma pequena popula\u00e7\u00e3o da esp\u00e9cie, e o local onde o animal foi encontrado \u00e9 divisa com a mata. Ainda conforme a Semaur, n\u00e3o h\u00e1 uma estimativa de quantos bichos-pregui\u00e7a existem no Parque atualmente, mas o local \u00e9 refer\u00eancia na soltura desses animais, inclusive de animais vindos de outras regi\u00f5es.<\/p>\n","protected":false},"excerpt":{"rendered":"<p>Nesta ter\u00e7a-feira, 2, funcion\u00e1rios da Secretaria de Meio Ambiente e Ordenamento Urbano (Semaur) que atuam no Parque Natural Municipal da Lajinha, da Guarda Municipal Ambiental (GMA) e Pol\u00edcia Militar Ambiental (PMA) resgataram um bicho-pregui\u00e7a na rua Francisco Batista de Oliveira, no bairro Aeroporto. Conforme as informa\u00e7\u00f5es da secretaria, o animal estava na grade de uma [&hellip;]<\/p>\n","protected":false},"author":96,"featured_media":143008,"comment_status":"closed","ping_status":"closed","sticky":false,"template":"","format":"standard","meta":{"footnotes":""},"categories":[253,436,440,439],"tags":[],"class_list":["post-143007","post","type-post","status-publish","format-standard","has-post-thumbnail","hentry","category-cidade","category-destaque-da-semana","category-destaques-do-dia","category-ultima-hora"],"_links":{"self":[{"href":"https:\/\/diarioregionaldigital.com.br\/index.php?rest_route=\/wp\/v2\/posts\/143007","targetHints":{"allow":["GET"]}}],"collection":[{"href":"https:\/\/diarioregionaldigital.com.br\/index.php?rest_route=\/wp\/v2\/posts"}],"about":[{"href":"https:\/\/diarioregionaldigital.com.br\/index.php?rest_route=\/wp\/v2\/types\/post"}],"author":[{"embeddable":true,"href":"https:\/\/diarioregionaldigital.com.br\/index.php?rest_route=\/wp\/v2\/users\/96"}],"replies":[{"embeddable":true,"href":"https:\/\/diarioregionaldigital.com.br\/index.php?rest_route=%2Fwp%2Fv2%2Fcomments&post=143007"}],"version-history":[{"count":0,"href":"https:\/\/diarioregionaldigital.com.br\/index.php?rest_route=\/wp\/v2\/posts\/143007\/revisions"}],"wp:featuredmedia":[{"embeddable":true,"href":"https:\/\/diarioregionaldigital.com.br\/index.php?rest_route=\/wp\/v2\/media\/143008"}],"wp:attachment":[{"href":"https:\/\/diarioregionaldigital.com.br\/index.php?rest_route=%2Fwp%2Fv2%2Fmedia&parent=143007"}],"wp:term":[{"taxonomy":"category","embeddable":true,"href":"https:\/\/diarioregionaldigital.com.br\/index.php?rest_route=%2Fwp%2Fv2%2Fcategories&post=143007"},{"taxonomy":"post_tag","embeddable":true,"href":"https:\/\/diarioregionaldigital.com.br\/index.php?rest_route=%2Fwp%2Fv2%2Ftags&post=143007"}],"curies":[{"name":"wp","href":"https:\/\/api.w.org\/{rel}","templated":true}]}}