{"id":143004,"date":"2019-07-02T17:32:59","date_gmt":"2019-07-02T20:32:59","guid":{"rendered":"https:\/\/diarioregionaldigital.com.br\/?p=143004"},"modified":"2019-07-02T17:32:59","modified_gmt":"2019-07-02T20:32:59","slug":"moro-reitera-que-conversa-entre-juizes-e-promotores-e-trivial","status":"publish","type":"post","link":"https:\/\/diarioregionaldigital.com.br\/?p=143004","title":{"rendered":"Moro reitera que conversa entre ju\u00edzes e promotores \u00e9 trivial"},"content":{"rendered":"<p>O ministro da Justi\u00e7a e Seguran\u00e7a P\u00fablica, Sergio Moro, reafirmou hoje (2), que \u201cs\u00e3o coisas absolutamente triviais no cen\u00e1rio jur\u00eddico\u201d brasileiro conversas entre ju\u00edzes, membros do Minist\u00e9rio P\u00fablico e advogados. Moro \u00e9 ouvido neste momento por tr\u00eas comiss\u00f5es da C\u00e2mara dos Deputados: Constitui\u00e7\u00e3o e Justi\u00e7a (CCJ); de Trabalho, Administra\u00e7\u00e3o e Servi\u00e7o P\u00fablico; de Direitos Humanos e Minorias.<\/p>\n<p>\u201cVamos esclarecer que, na tradi\u00e7\u00e3o jur\u00eddica brasileira, \u00e9 comum que ju\u00edzes falem com procuradores, \u00e9 comum que ju\u00edzes falem com advogados\u201d, afirmou. \u201cIsso s\u00e3o coisas absolutamente triviais dentro do cen\u00e1rio jur\u00eddico\u201d, acrescentou ao reiterar o que\u00a0j\u00e1 havia falado no Senado, no m\u00eas passado.<\/p>\n<p>O ministro disse que consultou alguns colegas estrangeiros, e tamb\u00e9m obteve afirma\u00e7\u00f5es de pessoas estrangeiras, que tamb\u00e9m n\u00e3o vislumbraram qualquer maior ilicitude no conte\u00fado que foi divulgado pelo site de not\u00edcias The Intercept Brasil.<\/p>\n<p>O ministro reiterou que n\u00e3o reconhece o conte\u00fado das mensagens veiculadas pela imprensa e que elas podem ter sido adulteradas. Para ele, at\u00e9 o momento, as conversas atribu\u00eddas a ele \u201cs\u00e3o um bal\u00e3o vazio cheio de nada\u201d.<\/p>\n<p>Moro foi convidado pelas comiss\u00f5es para apresentar sua vers\u00e3o sobre as supostas conversas que teria mantido com integrantes da for\u00e7a-tarefa quando ainda era juiz da 13\u00aa Vara da Justi\u00e7a Federal em Curitiba, onde s\u00e3o julgados os processos da Lava Jato que tramitam no Paran\u00e1.<\/p>\n<p>Os deputados querem esclarecimentos sobre supostas conversas mantidas por meio de um aplicativo de troca de mensagens por celular obtidas por uma fonte an\u00f4nima e entregues ao site The Intercept Brasil. O site est\u00e1, desde o dia 9 de junho, publicando reportagens com base nos di\u00e1logos atribu\u00eddos ao ministro Sergio Moro e aos procuradores, entre eles, o coordenador da for\u00e7a-tarefa, o procurador Deltan Dallagnol.<\/p>\n<p>Ao abrir a audi\u00eancia, o ministro argumentou ainda que a invas\u00e3o de celulares de autoridades para obter mensagens faz parte de uma &#8220;tentativa criminosa de invalidar condena\u00e7\u00f5es&#8221; da Opera\u00e7\u00e3o Lava Jato.<\/p>\n<p>\u201cA minha opini\u00e3o, e aqui \u00e9 uma opini\u00e3o informal, \u00e9 que algu\u00e9m com muitos recursos est\u00e1 por tr\u00e1s dessas invas\u00f5es e que objetivo principal seria invalidar condena\u00e7\u00f5es da Opera\u00e7\u00e3o Lava Jato e impedir novas investiga\u00e7\u00f5es. Seria algu\u00e9m com recursos, porque n\u00e3o \u00e9 tentativa de ataque a um celular, mas tentativa de ataque a v\u00e1rios, em alguns casos talvez com sucesso, o que n\u00e3o parece corresponder \u00e0 atividade de um adolescente com espinhas na frente do computador\u201d, ressaltou.<\/p>\n<p>Fonte: Ag\u00eancia Brasil<\/p>\n","protected":false},"excerpt":{"rendered":"<p>O ministro da Justi\u00e7a e Seguran\u00e7a P\u00fablica, Sergio Moro, reafirmou hoje (2), que \u201cs\u00e3o coisas absolutamente triviais no cen\u00e1rio jur\u00eddico\u201d brasileiro conversas entre ju\u00edzes, membros do Minist\u00e9rio P\u00fablico e advogados. Moro \u00e9 ouvido neste momento por tr\u00eas comiss\u00f5es da C\u00e2mara dos Deputados: Constitui\u00e7\u00e3o e Justi\u00e7a (CCJ); de Trabalho, Administra\u00e7\u00e3o e Servi\u00e7o P\u00fablico; de Direitos Humanos [&hellip;]<\/p>\n","protected":false},"author":96,"featured_media":143005,"comment_status":"closed","ping_status":"closed","sticky":false,"template":"","format":"standard","meta":{"footnotes":""},"categories":[436,254,439],"tags":[],"class_list":["post-143004","post","type-post","status-publish","format-standard","has-post-thumbnail","hentry","category-destaque-da-semana","category-politica","category-ultima-hora"],"_links":{"self":[{"href":"https:\/\/diarioregionaldigital.com.br\/index.php?rest_route=\/wp\/v2\/posts\/143004","targetHints":{"allow":["GET"]}}],"collection":[{"href":"https:\/\/diarioregionaldigital.com.br\/index.php?rest_route=\/wp\/v2\/posts"}],"about":[{"href":"https:\/\/diarioregionaldigital.com.br\/index.php?rest_route=\/wp\/v2\/types\/post"}],"author":[{"embeddable":true,"href":"https:\/\/diarioregionaldigital.com.br\/index.php?rest_route=\/wp\/v2\/users\/96"}],"replies":[{"embeddable":true,"href":"https:\/\/diarioregionaldigital.com.br\/index.php?rest_route=%2Fwp%2Fv2%2Fcomments&post=143004"}],"version-history":[{"count":0,"href":"https:\/\/diarioregionaldigital.com.br\/index.php?rest_route=\/wp\/v2\/posts\/143004\/revisions"}],"wp:featuredmedia":[{"embeddable":true,"href":"https:\/\/diarioregionaldigital.com.br\/index.php?rest_route=\/wp\/v2\/media\/143005"}],"wp:attachment":[{"href":"https:\/\/diarioregionaldigital.com.br\/index.php?rest_route=%2Fwp%2Fv2%2Fmedia&parent=143004"}],"wp:term":[{"taxonomy":"category","embeddable":true,"href":"https:\/\/diarioregionaldigital.com.br\/index.php?rest_route=%2Fwp%2Fv2%2Fcategories&post=143004"},{"taxonomy":"post_tag","embeddable":true,"href":"https:\/\/diarioregionaldigital.com.br\/index.php?rest_route=%2Fwp%2Fv2%2Ftags&post=143004"}],"curies":[{"name":"wp","href":"https:\/\/api.w.org\/{rel}","templated":true}]}}