{"id":142985,"date":"2019-07-02T17:24:03","date_gmt":"2019-07-02T20:24:03","guid":{"rendered":"https:\/\/diarioregionaldigital.com.br\/?p=142985"},"modified":"2019-07-02T17:24:03","modified_gmt":"2019-07-02T20:24:03","slug":"redes-de-drenagem-sao-ampliadas-em-dois-bairros-da-cidade","status":"publish","type":"post","link":"https:\/\/diarioregionaldigital.com.br\/?p=142985","title":{"rendered":"Redes de drenagem s\u00e3o ampliadas em dois bairros da cidade"},"content":{"rendered":"<p>Secretaria de Obras (SO) da Prefeitura de Juiz de Fora (PJF), est\u00e1 ampliando aproximadamente 60 metros de rede de capta\u00e7\u00e3o de \u00e1guas pluviais na Rua Jos\u00e9 de Carvalho Rias, no S\u00e3o Geraldo, regi\u00e3o sul da cidade.<\/p>\n<p>Al\u00e9m disso, uma equipe da SO est\u00e1 construindo uma galeria de concreto armado e liga\u00e7\u00e3o por manilhas na Escola Municipal Edith Merhey, localizada na Rua Domingos Dalamura, no Santo Ant\u00f4nio, regi\u00e3o sudeste. Conforme a secretaria, com a obra, amplia-se a capta\u00e7\u00e3o de \u00e1guas pluviais e evitam-se as inunda\u00e7\u00f5es que ocorriam no local no per\u00edodo chuvoso. Al\u00e9m disso, o setor finalizou a desobstru\u00e7\u00e3o de rede de drenagem na Rua Martinho Gon\u00e7alves, no Cer\u00e2mica, regi\u00e3o norte.<\/p>\n<p>&nbsp;<\/p>\n","protected":false},"excerpt":{"rendered":"<p>Secretaria de Obras (SO) da Prefeitura de Juiz de Fora (PJF), est\u00e1 ampliando aproximadamente 60 metros de rede de capta\u00e7\u00e3o de \u00e1guas pluviais na Rua Jos\u00e9 de Carvalho Rias, no S\u00e3o Geraldo, regi\u00e3o sul da cidade. Al\u00e9m disso, uma equipe da SO est\u00e1 construindo uma galeria de concreto armado e liga\u00e7\u00e3o por manilhas na Escola [&hellip;]<\/p>\n","protected":false},"author":96,"featured_media":142987,"comment_status":"closed","ping_status":"closed","sticky":false,"template":"","format":"standard","meta":{"footnotes":""},"categories":[253,436,439],"tags":[],"class_list":["post-142985","post","type-post","status-publish","format-standard","has-post-thumbnail","hentry","category-cidade","category-destaque-da-semana","category-ultima-hora"],"_links":{"self":[{"href":"https:\/\/diarioregionaldigital.com.br\/index.php?rest_route=\/wp\/v2\/posts\/142985","targetHints":{"allow":["GET"]}}],"collection":[{"href":"https:\/\/diarioregionaldigital.com.br\/index.php?rest_route=\/wp\/v2\/posts"}],"about":[{"href":"https:\/\/diarioregionaldigital.com.br\/index.php?rest_route=\/wp\/v2\/types\/post"}],"author":[{"embeddable":true,"href":"https:\/\/diarioregionaldigital.com.br\/index.php?rest_route=\/wp\/v2\/users\/96"}],"replies":[{"embeddable":true,"href":"https:\/\/diarioregionaldigital.com.br\/index.php?rest_route=%2Fwp%2Fv2%2Fcomments&post=142985"}],"version-history":[{"count":0,"href":"https:\/\/diarioregionaldigital.com.br\/index.php?rest_route=\/wp\/v2\/posts\/142985\/revisions"}],"wp:featuredmedia":[{"embeddable":true,"href":"https:\/\/diarioregionaldigital.com.br\/index.php?rest_route=\/wp\/v2\/media\/142987"}],"wp:attachment":[{"href":"https:\/\/diarioregionaldigital.com.br\/index.php?rest_route=%2Fwp%2Fv2%2Fmedia&parent=142985"}],"wp:term":[{"taxonomy":"category","embeddable":true,"href":"https:\/\/diarioregionaldigital.com.br\/index.php?rest_route=%2Fwp%2Fv2%2Fcategories&post=142985"},{"taxonomy":"post_tag","embeddable":true,"href":"https:\/\/diarioregionaldigital.com.br\/index.php?rest_route=%2Fwp%2Fv2%2Ftags&post=142985"}],"curies":[{"name":"wp","href":"https:\/\/api.w.org\/{rel}","templated":true}]}}