{"id":142981,"date":"2019-07-02T17:00:35","date_gmt":"2019-07-02T20:00:35","guid":{"rendered":"https:\/\/diarioregionaldigital.com.br\/?p=142981"},"modified":"2019-07-02T17:10:22","modified_gmt":"2019-07-02T20:10:22","slug":"settra-registra-queda-no-numero-de-autuacoes-no-primeiro-semestre","status":"publish","type":"post","link":"https:\/\/diarioregionaldigital.com.br\/?p=142981","title":{"rendered":"Settra registra queda no n\u00famero de autua\u00e7\u00f5es no primeiro semestre"},"content":{"rendered":"<p>O primeiro semestre de 2019, janeiro a junho, registrou queda de 23,72% no n\u00famero de autua\u00e7\u00f5es de tr\u00e2nsito comparado ao mesmo per\u00edodo em 2018, como aponta o balando divulgado pela Secretaria de Transportes e Tr\u00e2nsito (Settra) da Prefeitura de Juiz de Fora (PJF).<\/p>\n<p>Conforme os dados, nos seis primeiro meses foram registradas 30.144 autua\u00e7\u00f5es de tr\u00e2nsito contra 39.521 autua\u00e7\u00f5es em 2018. A penalidade mais cometida foi o excesso de velocidade, com 11.355 registros, seguida de estacionamento em local proibido (1.959), estacionamento irregular em \u00e1rea de rotativo (1.769), estacionamento em local de carga e descarga (1.598) e avan\u00e7o de sinal (1.523).<\/p>\n<p>Todas as penalidades tiveram registro menor se comparadas ao primeiro semestre de 2018. Atrav\u00e9s da assessoria de comunica\u00e7\u00e3o da Settra, o gerente do Departamento de Fiscaliza\u00e7\u00e3o de Tr\u00e2nsito, Paulo Per\u00f3n, disse que \u201ca queda no n\u00famero de autua\u00e7\u00f5es pode ser atribu\u00edda \u00e0 fiscaliza\u00e7\u00e3o das vias atrav\u00e9s dos equipamentos de monitoramento eletr\u00f4nico, como os radares. Al\u00e9m das campanhas educativas realizadas pela Settra, a diminui\u00e7\u00e3o pode ser atribu\u00edda ao poder educativo da multa\u201d.<\/p>\n<p>No \u00faltimo ano, as autua\u00e7\u00f5es de tr\u00e2nsito apresentaram os seguintes resultados: excesso de velocidade foram\u00a014.747 autua\u00e7\u00f5es, 2.018 registros por estacionar em local proibido, 1.878 por estacionar irregularmente em local de estacionamento rotativo, 1.759 autua\u00e7\u00f5es por estacionar em local de carga\/descarga e 1.770 referentes a avan\u00e7o de sinal.<\/p>\n<p><strong>TIPOS DE INFRA\u00c7\u00d5ES DE TR\u00c2NSITO<\/strong><\/p>\n<p>A legisla\u00e7\u00e3o de tr\u00e2nsito brasileira estabelece quatro tipos de infra\u00e7\u00f5es configuradas como: leves, m\u00e9dias, graves e grav\u00edssimas. A defini\u00e7\u00e3o de cada tipo consta no C\u00f3digo de Tr\u00e2nsito Brasileiro (CTB). A classifica\u00e7\u00e3o varia de acordo com a gravidade da conduta e quanto maior o perigo que tal comportamento oferece, mais graves s\u00e3o as consequ\u00eancias para o motorista ou propriet\u00e1rio do ve\u00edculo. Essas consequ\u00eancias incluem a multa, penalidade em que o infrator paga o valor \u00e0 autoridade de tr\u00e2nsito, e procedimentos como a suspens\u00e3o do direito de dirigir.<\/p>\n<p>O artigo 259 do CTB aponta como cada um dos tipos de infra\u00e7\u00f5es computa na pontua\u00e7\u00e3o na Carteira Nacional de Habilita\u00e7\u00e3o (CNH). Veja:<\/p>\n<p>\u201c<em>Art. 259. A cada infra\u00e7\u00e3o cometida s\u00e3o computados os seguintes n\u00fameros de pontos:<\/em><\/p>\n<p><em>\u00a0<\/em><\/p>\n<p><em>I \u2013 grav\u00edssima \u2013 sete pontos;<\/em><\/p>\n<p><em>\u00a0<\/em><\/p>\n<p><em>II \u2013 grave \u2013 cinco pontos;<\/em><\/p>\n<p><em>\u00a0<\/em><\/p>\n<p><em>III \u2013 m\u00e9dia \u2013 quatro pontos;<\/em><\/p>\n<p><em>\u00a0<\/em><\/p>\n<p><em>IV \u2013 leve \u2013 tr\u00eas pontos.\u201d<\/em><\/p>\n<p>&nbsp;<\/p>\n<p>A pontua\u00e7\u00e3o vai variar de acordo com o tipo de infra\u00e7\u00e3o apontado no artigo e serve para punir o motorista que recebeu multas em excesso com a suspens\u00e3o da CNH. Isso acontece, segundo o artigo 261 do CTB, quando ele acumula 20 pontos em um per\u00edodo de 12 meses.<\/p>\n","protected":false},"excerpt":{"rendered":"<p>O primeiro semestre de 2019, janeiro a junho, registrou queda de 23,72% no n\u00famero de autua\u00e7\u00f5es de tr\u00e2nsito comparado ao mesmo per\u00edodo em 2018, como aponta o balando divulgado pela Secretaria de Transportes e Tr\u00e2nsito (Settra) da Prefeitura de Juiz de Fora (PJF). Conforme os dados, nos seis primeiro meses foram registradas 30.144 autua\u00e7\u00f5es de [&hellip;]<\/p>\n","protected":false},"author":96,"featured_media":142982,"comment_status":"closed","ping_status":"closed","sticky":false,"template":"","format":"standard","meta":{"footnotes":""},"categories":[253,436,440,439],"tags":[],"class_list":["post-142981","post","type-post","status-publish","format-standard","has-post-thumbnail","hentry","category-cidade","category-destaque-da-semana","category-destaques-do-dia","category-ultima-hora"],"_links":{"self":[{"href":"https:\/\/diarioregionaldigital.com.br\/index.php?rest_route=\/wp\/v2\/posts\/142981","targetHints":{"allow":["GET"]}}],"collection":[{"href":"https:\/\/diarioregionaldigital.com.br\/index.php?rest_route=\/wp\/v2\/posts"}],"about":[{"href":"https:\/\/diarioregionaldigital.com.br\/index.php?rest_route=\/wp\/v2\/types\/post"}],"author":[{"embeddable":true,"href":"https:\/\/diarioregionaldigital.com.br\/index.php?rest_route=\/wp\/v2\/users\/96"}],"replies":[{"embeddable":true,"href":"https:\/\/diarioregionaldigital.com.br\/index.php?rest_route=%2Fwp%2Fv2%2Fcomments&post=142981"}],"version-history":[{"count":0,"href":"https:\/\/diarioregionaldigital.com.br\/index.php?rest_route=\/wp\/v2\/posts\/142981\/revisions"}],"wp:featuredmedia":[{"embeddable":true,"href":"https:\/\/diarioregionaldigital.com.br\/index.php?rest_route=\/wp\/v2\/media\/142982"}],"wp:attachment":[{"href":"https:\/\/diarioregionaldigital.com.br\/index.php?rest_route=%2Fwp%2Fv2%2Fmedia&parent=142981"}],"wp:term":[{"taxonomy":"category","embeddable":true,"href":"https:\/\/diarioregionaldigital.com.br\/index.php?rest_route=%2Fwp%2Fv2%2Fcategories&post=142981"},{"taxonomy":"post_tag","embeddable":true,"href":"https:\/\/diarioregionaldigital.com.br\/index.php?rest_route=%2Fwp%2Fv2%2Ftags&post=142981"}],"curies":[{"name":"wp","href":"https:\/\/api.w.org\/{rel}","templated":true}]}}