{"id":142978,"date":"2019-07-02T17:07:19","date_gmt":"2019-07-02T20:07:19","guid":{"rendered":"https:\/\/diarioregionaldigital.com.br\/?p=142978"},"modified":"2019-07-02T17:07:19","modified_gmt":"2019-07-02T20:07:19","slug":"chega-a-10-o-numero-de-mortes-por-dengue-em-juiz-de-fora","status":"publish","type":"post","link":"https:\/\/diarioregionaldigital.com.br\/?p=142978","title":{"rendered":"Chega a 10 o n\u00famero de mortes por dengue em Juiz de Fora"},"content":{"rendered":"<p>O novo boletim epidemiol\u00f3gico divulgado pela Secretaria de Estado de Sa\u00fade de Minas Gerais (SES-MG) confirmou mais tr\u00eas mortes por dengue em Juiz de Fora. Com os dados do novo balan\u00e7o, a cidade j\u00e1 contabiliza 10 mortes pela doen\u00e7a.<\/p>\n<p>As informa\u00e7\u00f5es foram divulgadas nesta ter\u00e7a-feira, 2. De acordo com a SES-MG, em Minas Gerais, foram confirmados\u00a098 \u00f3bitos por dengue. Em 2019, em todo o Estado, foram registrados\u00a0427.585 casos prov\u00e1veis (casos confirmados + suspeitos) de dengue, sendo. A SES-MG ressalta que os \u00f3bitos em quest\u00e3o foram notificados ao longo de 2019 e n\u00e3o s\u00e3o, necessariamente, \u00f3bitos recentes.<\/p>\n<p>Minas Gerais est\u00e1 em situa\u00e7\u00e3o de alerta para esse aumento no n\u00famero de casos das doen\u00e7as transmitidas pelo\u00a0Aedes aegypti. Juiz de Fora est\u00e1 entre as cidades com os maiores registros de mortes pela doen\u00e7a, ficando atr\u00e1s apenas de Belo Horizonte, Betim e Uberl\u00e2ndia. Ao todo, s\u00e3o 137 \u00f3bitos em investiga\u00e7\u00e3o para dengue.<\/p>\n<p>Outras mortes por dengue tamb\u00e9m foram registradas nos seguintes munic\u00edpios: Araguari (1), Arcos (1), Belo Horizonte (15), Betim (13), Campos Gerais (1), Contagem (4), Curvelo (1), Estrela do Sul (1), Frutal (2), Guarani (1), Ibi\u00e1 (1), Ibirit\u00e9 (1), Ituiutaba (1), Jaboticatubas (1), Jo\u00e3o Monlevade (1), Jo\u00e3o Pinheiro (5), Juiz de Fora (10), Lagoa da Prata (1), Martinho Campos (1), Monte Carmelo (1), Paracatu (1), Passos (2), Patos de Minas (1), Patroc\u00ednio (2), Pitangui (1), Pomp\u00e9u (1), Rio Parana\u00edba (1), Sacramento (1), S\u00e3o Gon\u00e7alo do Par\u00e1 (1), S\u00e3o Gotardo (1), Sete Lagoas (1), Uberaba (2), Uberl\u00e2ndia (16), Una\u00ed (2) e Vazante (1).<\/p>\n<p>Ainda conforme os dados, em rela\u00e7\u00e3o \u00e0 febre chikungunya, Minas Gerais registrou\u00a02.577 casos prov\u00e1veis em 2019. At\u00e9 o momento, n\u00e3o houve registro de \u00f3bitos suspeitos da doen\u00e7a.J\u00e1 em rela\u00e7\u00e3o \u00e0 zika, foram registrados\u00a01.064 casos prov\u00e1veis da doen\u00e7a em 2019.<\/p>\n<p>&nbsp;<\/p>\n","protected":false},"excerpt":{"rendered":"<p>O novo boletim epidemiol\u00f3gico divulgado pela Secretaria de Estado de Sa\u00fade de Minas Gerais (SES-MG) confirmou mais tr\u00eas mortes por dengue em Juiz de Fora. Com os dados do novo balan\u00e7o, a cidade j\u00e1 contabiliza 10 mortes pela doen\u00e7a. As informa\u00e7\u00f5es foram divulgadas nesta ter\u00e7a-feira, 2. De acordo com a SES-MG, em Minas Gerais, foram [&hellip;]<\/p>\n","protected":false},"author":96,"featured_media":142979,"comment_status":"closed","ping_status":"closed","sticky":false,"template":"","format":"standard","meta":{"footnotes":""},"categories":[253,436,440,439],"tags":[],"class_list":["post-142978","post","type-post","status-publish","format-standard","has-post-thumbnail","hentry","category-cidade","category-destaque-da-semana","category-destaques-do-dia","category-ultima-hora"],"_links":{"self":[{"href":"https:\/\/diarioregionaldigital.com.br\/index.php?rest_route=\/wp\/v2\/posts\/142978","targetHints":{"allow":["GET"]}}],"collection":[{"href":"https:\/\/diarioregionaldigital.com.br\/index.php?rest_route=\/wp\/v2\/posts"}],"about":[{"href":"https:\/\/diarioregionaldigital.com.br\/index.php?rest_route=\/wp\/v2\/types\/post"}],"author":[{"embeddable":true,"href":"https:\/\/diarioregionaldigital.com.br\/index.php?rest_route=\/wp\/v2\/users\/96"}],"replies":[{"embeddable":true,"href":"https:\/\/diarioregionaldigital.com.br\/index.php?rest_route=%2Fwp%2Fv2%2Fcomments&post=142978"}],"version-history":[{"count":0,"href":"https:\/\/diarioregionaldigital.com.br\/index.php?rest_route=\/wp\/v2\/posts\/142978\/revisions"}],"wp:featuredmedia":[{"embeddable":true,"href":"https:\/\/diarioregionaldigital.com.br\/index.php?rest_route=\/wp\/v2\/media\/142979"}],"wp:attachment":[{"href":"https:\/\/diarioregionaldigital.com.br\/index.php?rest_route=%2Fwp%2Fv2%2Fmedia&parent=142978"}],"wp:term":[{"taxonomy":"category","embeddable":true,"href":"https:\/\/diarioregionaldigital.com.br\/index.php?rest_route=%2Fwp%2Fv2%2Fcategories&post=142978"},{"taxonomy":"post_tag","embeddable":true,"href":"https:\/\/diarioregionaldigital.com.br\/index.php?rest_route=%2Fwp%2Fv2%2Ftags&post=142978"}],"curies":[{"name":"wp","href":"https:\/\/api.w.org\/{rel}","templated":true}]}}