{"id":142974,"date":"2019-07-02T16:19:44","date_gmt":"2019-07-02T19:19:44","guid":{"rendered":"https:\/\/diarioregionaldigital.com.br\/?p=142974"},"modified":"2019-07-02T16:19:44","modified_gmt":"2019-07-02T19:19:44","slug":"audiencia-publica-sobre-a-estrutura-da-avenida-juiz-de-fora-e-da-rua-paracatu-foi-remarcada-para-agosto","status":"publish","type":"post","link":"https:\/\/diarioregionaldigital.com.br\/?p=142974","title":{"rendered":"Audi\u00eancia p\u00fablica sobre a estrutura da Avenida Juiz de Fora e da Rua Paracatu foi remarcada para agosto"},"content":{"rendered":"<p>A audi\u00eancia p\u00fablica que estava marcada para esta quarta-feira, 3, teve a data transferida para o dia 20 de agosto, conforme informa\u00e7\u00f5es da C\u00e2mara Municipal de Juiz de Fora. O pedido de remarca\u00e7\u00e3o foi feito pelo proponente da audi\u00eancia, vereador J\u00falio Obama Jr. (PHS). A audi\u00eancia tem como objetivo discutir os problemas estruturais de acesso na Avenida Juiz de Fora e na Rua Paracatu, que recebem grande fluxo de ve\u00edculos.<\/p>\n<p>Para a audi\u00eancia, foram convidados o secret\u00e1rio de Transporte e Tr\u00e2nsito, o secret\u00e1rio de Obras, o Diretor do Pr\u00f3-Energia, o Diretor do Departamento Municipal de Limpeza Urbana (Demlurb), o Diretor da Empresa Municipal de Pavimenta\u00e7\u00e3o e Urbaniza\u00e7\u00e3o (Empav), entre outros, para\u00a0\u00e9 discutir quest\u00f5es como seguran\u00e7a, sinaliza\u00e7\u00e3o horizontal e vertical, mobilidade urbana, arboriza\u00e7\u00e3o e acessibilidade em geral.<\/p>\n<p>Na \u00faltima, o Fiscaliza JF esteve de olho nos problemas estruturais da Rua Paracatu e da Avenida Juiz de Fora, na Zona Nordeste da cidade. As vias cortam os bairros Quintas da Avenida, Bom Clima, Bandeirantes, Parque Guarani, Granjas Beth\u00e2nia e Grama e recebem um fluxo intenso de ve\u00edculos que entram e saem do munic\u00edpio, por darem acesso a diversas cidades da Zona da Mata e ao Aeroporto Regional Presidente Itamar Franco. Conforme informa\u00e7\u00f5es da assessoria, durante a a\u00e7\u00e3o no local,\u00a0os servidores do Fiscaliza JF ouviram reclama\u00e7\u00f5es, principalmente sobre a necessidade de melhorar a sinaliza\u00e7\u00e3o e a estrutura das vias. Eles reclamam da dificuldade e do perigo da travessia em todos os trechos, havendo necessidade de verifica\u00e7\u00e3o daqueles segmentos nos quais \u00e9 poss\u00edvel colocar mais quebra-molas, faixas e melhorar as cal\u00e7adas. Em alguns pontos, os pedestres precisam disputar espa\u00e7o com ve\u00edculos na pista. Mesmo sem quantificar os acidentes, moradores apontaram que \u00e9 alto o \u00edndice de batidas de ve\u00edculos e atropelamentos.<\/p>\n","protected":false},"excerpt":{"rendered":"<p>A audi\u00eancia p\u00fablica que estava marcada para esta quarta-feira, 3, teve a data transferida para o dia 20 de agosto, conforme informa\u00e7\u00f5es da C\u00e2mara Municipal de Juiz de Fora. O pedido de remarca\u00e7\u00e3o foi feito pelo proponente da audi\u00eancia, vereador J\u00falio Obama Jr. (PHS). A audi\u00eancia tem como objetivo discutir os problemas estruturais de acesso [&hellip;]<\/p>\n","protected":false},"author":96,"featured_media":142976,"comment_status":"closed","ping_status":"closed","sticky":false,"template":"","format":"standard","meta":{"footnotes":""},"categories":[253,436,440,439],"tags":[],"class_list":["post-142974","post","type-post","status-publish","format-standard","has-post-thumbnail","hentry","category-cidade","category-destaque-da-semana","category-destaques-do-dia","category-ultima-hora"],"_links":{"self":[{"href":"https:\/\/diarioregionaldigital.com.br\/index.php?rest_route=\/wp\/v2\/posts\/142974","targetHints":{"allow":["GET"]}}],"collection":[{"href":"https:\/\/diarioregionaldigital.com.br\/index.php?rest_route=\/wp\/v2\/posts"}],"about":[{"href":"https:\/\/diarioregionaldigital.com.br\/index.php?rest_route=\/wp\/v2\/types\/post"}],"author":[{"embeddable":true,"href":"https:\/\/diarioregionaldigital.com.br\/index.php?rest_route=\/wp\/v2\/users\/96"}],"replies":[{"embeddable":true,"href":"https:\/\/diarioregionaldigital.com.br\/index.php?rest_route=%2Fwp%2Fv2%2Fcomments&post=142974"}],"version-history":[{"count":0,"href":"https:\/\/diarioregionaldigital.com.br\/index.php?rest_route=\/wp\/v2\/posts\/142974\/revisions"}],"wp:featuredmedia":[{"embeddable":true,"href":"https:\/\/diarioregionaldigital.com.br\/index.php?rest_route=\/wp\/v2\/media\/142976"}],"wp:attachment":[{"href":"https:\/\/diarioregionaldigital.com.br\/index.php?rest_route=%2Fwp%2Fv2%2Fmedia&parent=142974"}],"wp:term":[{"taxonomy":"category","embeddable":true,"href":"https:\/\/diarioregionaldigital.com.br\/index.php?rest_route=%2Fwp%2Fv2%2Fcategories&post=142974"},{"taxonomy":"post_tag","embeddable":true,"href":"https:\/\/diarioregionaldigital.com.br\/index.php?rest_route=%2Fwp%2Fv2%2Ftags&post=142974"}],"curies":[{"name":"wp","href":"https:\/\/api.w.org\/{rel}","templated":true}]}}