{"id":142971,"date":"2019-07-02T14:58:56","date_gmt":"2019-07-02T17:58:56","guid":{"rendered":"https:\/\/diarioregionaldigital.com.br\/?p=142971"},"modified":"2019-07-02T14:58:56","modified_gmt":"2019-07-02T17:58:56","slug":"venda-de-veiculos-tem-alta-de-1345-no-semestre","status":"publish","type":"post","link":"https:\/\/diarioregionaldigital.com.br\/?p=142971","title":{"rendered":"Venda de ve\u00edculos tem alta de 13,45% no semestre"},"content":{"rendered":"<p>A venda de ve\u00edculos automotores registrou alta de 13,45% no primeiro semestre de 2019 em compara\u00e7\u00e3o a igual per\u00edodo do ano anterior. Segundo dados divulgados hoje (2) pela Federa\u00e7\u00e3o Nacional da Distribui\u00e7\u00e3o de Ve\u00edculos Automotores (Fenabrave), 1.919.047 unidades foram licenciadas de janeiro a junho de 2019, ante 1.691.532 unidades comercializadas no mesmo per\u00edodo do ano passado.<\/p>\n<p>As vendas levam em conta autom\u00f3veis, comerciais leves, caminh\u00f5es, \u00f4nibus e motocicletas. No m\u00eas de junho foram emplacados 316.475 ve\u00edculos, 11,71% abaixo do volume registrado no m\u00eas de maio de 2019, quando 358.456 unidades foram licenciadas. Na compara\u00e7\u00e3o com junho de 2018, m\u00eas que registrou 287.697 unidades emplacadas, a alta \u00e9 de 10%.<\/p>\n<p>Para o presidente da Fenabrave, Alarico Assump\u00e7\u00e3o J\u00fanior, o desempenho negativo no m\u00eas de junho se deve aos dias \u00fateis a menos em junho. &#8220;Tivemos 19 dias \u00fateis em junho contra 22 dias \u00fateis em maio, ou seja tr\u00eas dias \u00fateis a menos. Essa redu\u00e7\u00e3o de tr\u00eas dias \u00fateis provocou uma que a de 11,71% no setor como todo em Junho, por\u00e9m as vendas di\u00e1rias no mesmo per\u00edodo cresceram 2,23%&#8221;, comemorou.<\/p>\n<p>J\u00e1 o resultado positivo no semestre est\u00e1 relacionado ao per\u00edodo sem eventos adversos. &#8220;No acumulado o crescimento chegou a 13,45%, mas no primeiro semestre do ano passado fomos afetados pela greve dos caminhoneiros e pela Copa do mundo de futebol que impactaram as vendas do setor&#8221;, relembrou o presidente da Fenabrave.<\/p>\n<p>Mas ele destacou tamb\u00e9m que as vendas de caminh\u00f5es e motocicletas puxou o crescimento no acumulado de 2019. Os caminh\u00f5es registraram alta de 44, 93% no semestre se comparado com o mesmo per\u00edodo de 2018. J\u00e1 as motocicletas venderam 16,04% a mais do que o mesmo semestre do ano anterior.<\/p>\n<p>Nos segmentos de autom\u00f3veis e comerciais leves, o resultado do semestre registrou 1.248.899 unidades emplacadas, representando crescimento de 10,81% em rela\u00e7\u00e3o a igual per\u00edodo do ano passado, quando foram licenciadas 1.127.052 unidades. Em junho, esses dois segmentos somaram 213.438 unidades emplacadas, contra 234.162 em maio, registrando queda de 8,85%.<\/p>\n<p>O destaque no semestre ficou por conta do segmento de \u00f4nibus, que registrou venda de 12.403 unidades, ou seja, alta de 71,36% na compara\u00e7\u00e3o com o mesmo per\u00edodo do ano passado, quando foram vendidos 7.238 \u00f4nibus. &#8220;Esse crescimento se deve principalmente ao Programa Caminho da Escola e \u00e0 renova\u00e7\u00e3o da frota de \u00f4nibus rodovi\u00e1rio e urbanos&#8221;, apontou o representante do segmento de caminh\u00f5es, \u00f4nibus e implementos, S\u00e9rgio Zonta.<\/p>\n<h2>Proje\u00e7\u00f5es<\/h2>\n<p>Apesar dos resultados positivos do primeiro semestre, as proje\u00e7\u00f5es n\u00e3o s\u00e3o t\u00e3o otimistas. &#8220;Revisamos nossas proje\u00e7\u00f5es e para o setor em geral, projetamos crescimento de 9,17% contra 10,7% previstos em abril&#8221;. Para o presidente da Fenabrave, a revis\u00e3o se deve ao cen\u00e1rio atual. &#8220;Eu levaria em conta a queda de confian\u00e7a do consumidor e a expectativa com as reformas, e quando fizemos a \u00faltima expectativa est\u00e1vamos num cen\u00e1rio mais positivo&#8221;, disse Assump\u00e7\u00e3o.<\/p>\n<p>Fonte: Ag\u00eancia Brasil<\/p>\n","protected":false},"excerpt":{"rendered":"<p>A venda de ve\u00edculos automotores registrou alta de 13,45% no primeiro semestre de 2019 em compara\u00e7\u00e3o a igual per\u00edodo do ano anterior. Segundo dados divulgados hoje (2) pela Federa\u00e7\u00e3o Nacional da Distribui\u00e7\u00e3o de Ve\u00edculos Automotores (Fenabrave), 1.919.047 unidades foram licenciadas de janeiro a junho de 2019, ante 1.691.532 unidades comercializadas no mesmo per\u00edodo do ano [&hellip;]<\/p>\n","protected":false},"author":96,"featured_media":142972,"comment_status":"closed","ping_status":"closed","sticky":false,"template":"","format":"standard","meta":{"footnotes":""},"categories":[436,261,439],"tags":[],"class_list":["post-142971","post","type-post","status-publish","format-standard","has-post-thumbnail","hentry","category-destaque-da-semana","category-economia","category-ultima-hora"],"_links":{"self":[{"href":"https:\/\/diarioregionaldigital.com.br\/index.php?rest_route=\/wp\/v2\/posts\/142971","targetHints":{"allow":["GET"]}}],"collection":[{"href":"https:\/\/diarioregionaldigital.com.br\/index.php?rest_route=\/wp\/v2\/posts"}],"about":[{"href":"https:\/\/diarioregionaldigital.com.br\/index.php?rest_route=\/wp\/v2\/types\/post"}],"author":[{"embeddable":true,"href":"https:\/\/diarioregionaldigital.com.br\/index.php?rest_route=\/wp\/v2\/users\/96"}],"replies":[{"embeddable":true,"href":"https:\/\/diarioregionaldigital.com.br\/index.php?rest_route=%2Fwp%2Fv2%2Fcomments&post=142971"}],"version-history":[{"count":0,"href":"https:\/\/diarioregionaldigital.com.br\/index.php?rest_route=\/wp\/v2\/posts\/142971\/revisions"}],"wp:featuredmedia":[{"embeddable":true,"href":"https:\/\/diarioregionaldigital.com.br\/index.php?rest_route=\/wp\/v2\/media\/142972"}],"wp:attachment":[{"href":"https:\/\/diarioregionaldigital.com.br\/index.php?rest_route=%2Fwp%2Fv2%2Fmedia&parent=142971"}],"wp:term":[{"taxonomy":"category","embeddable":true,"href":"https:\/\/diarioregionaldigital.com.br\/index.php?rest_route=%2Fwp%2Fv2%2Fcategories&post=142971"},{"taxonomy":"post_tag","embeddable":true,"href":"https:\/\/diarioregionaldigital.com.br\/index.php?rest_route=%2Fwp%2Fv2%2Ftags&post=142971"}],"curies":[{"name":"wp","href":"https:\/\/api.w.org\/{rel}","templated":true}]}}