{"id":142969,"date":"2019-07-02T14:51:56","date_gmt":"2019-07-02T17:51:56","guid":{"rendered":"https:\/\/diarioregionaldigital.com.br\/?p=142969"},"modified":"2019-07-02T14:51:56","modified_gmt":"2019-07-02T17:51:56","slug":"arquivada-investigacao-sobre-suposta-fraude-na-eleicao-do-senado","status":"publish","type":"post","link":"https:\/\/diarioregionaldigital.com.br\/?p=142969","title":{"rendered":"Arquivada investiga\u00e7\u00e3o sobre suposta fraude na elei\u00e7\u00e3o do Senado"},"content":{"rendered":"<p>Quase cinco meses ap\u00f3s a elei\u00e7\u00e3o da Mesa Diretora do Senado o corregedor da Casa, senador Roberto Rocha (PSDB-MA) decidiu arquivar a investiga\u00e7\u00e3o aberta para analisar suposta fraude na elei\u00e7\u00e3o para a presid\u00eancia da Casa, em fevereiro. \u00c0 \u00e9poca a primeira vota\u00e7\u00e3o foi anulada depois que 82 c\u00e9dulas foram apuradas na urna, uma a mais que o total de 81 senadores.<\/p>\n<p>Em decis\u00e3o publicada no Di\u00e1rio do Senado no dia 22 de junho, Rocha conclui que pela an\u00e1lise das imagens de Tvs e c\u00e2meras de seguran\u00e7a n\u00e3o foi poss\u00edvel concluir, de forma categ\u00f3rica, o momento em que se deu a suposta fraude e nem identificar quem teria praticado o respectivo ato.<\/p>\n<p>&#8220;Sendo assim, muito embora as imagens pudessem sugerir com mais \u00eanfase a participa\u00e7\u00e3o de algum senador, penso que a gravidade da pena, que poderia chegar at\u00e9 \u00e0 cassa\u00e7\u00e3o do mandato, nos imp\u00f5e exig\u00eancia de mais do que uma leve suspeita, mas de uma certeza plena da ocorr\u00eancia do dolo, estando em jogo o valor m\u00e1ximo da democracia que \u00e9 a soberania do voto popular, expresso pela vontade dos eleitores. As imagens, no entanto, s\u00e3o inconclusivas para determinar, com certeza al\u00e9m da d\u00favida razo\u00e1vel, a autoria e o animus do gesto&#8221;,justifica o corregedor no despacho.<\/p>\n<p>No mesmo documento, Rocha avalia ainda que o voto extra pode ter sido apenas um erro.\u201cO surgimento de um voto extra, em meio a uma sess\u00e3o excessivamente tumultuada, pode ter decorrido de erro, e n\u00e3o necessariamente de uma conduta dolosa&#8221;.<\/p>\n<p>Fonte: Ag\u00eancia Brasil<\/p>\n","protected":false},"excerpt":{"rendered":"<p>Quase cinco meses ap\u00f3s a elei\u00e7\u00e3o da Mesa Diretora do Senado o corregedor da Casa, senador Roberto Rocha (PSDB-MA) decidiu arquivar a investiga\u00e7\u00e3o aberta para analisar suposta fraude na elei\u00e7\u00e3o para a presid\u00eancia da Casa, em fevereiro. \u00c0 \u00e9poca a primeira vota\u00e7\u00e3o foi anulada depois que 82 c\u00e9dulas foram apuradas na urna, uma a mais [&hellip;]<\/p>\n","protected":false},"author":96,"featured_media":97343,"comment_status":"closed","ping_status":"closed","sticky":false,"template":"","format":"standard","meta":{"footnotes":""},"categories":[436,254,439],"tags":[],"class_list":["post-142969","post","type-post","status-publish","format-standard","has-post-thumbnail","hentry","category-destaque-da-semana","category-politica","category-ultima-hora"],"_links":{"self":[{"href":"https:\/\/diarioregionaldigital.com.br\/index.php?rest_route=\/wp\/v2\/posts\/142969","targetHints":{"allow":["GET"]}}],"collection":[{"href":"https:\/\/diarioregionaldigital.com.br\/index.php?rest_route=\/wp\/v2\/posts"}],"about":[{"href":"https:\/\/diarioregionaldigital.com.br\/index.php?rest_route=\/wp\/v2\/types\/post"}],"author":[{"embeddable":true,"href":"https:\/\/diarioregionaldigital.com.br\/index.php?rest_route=\/wp\/v2\/users\/96"}],"replies":[{"embeddable":true,"href":"https:\/\/diarioregionaldigital.com.br\/index.php?rest_route=%2Fwp%2Fv2%2Fcomments&post=142969"}],"version-history":[{"count":0,"href":"https:\/\/diarioregionaldigital.com.br\/index.php?rest_route=\/wp\/v2\/posts\/142969\/revisions"}],"wp:featuredmedia":[{"embeddable":true,"href":"https:\/\/diarioregionaldigital.com.br\/index.php?rest_route=\/wp\/v2\/media\/97343"}],"wp:attachment":[{"href":"https:\/\/diarioregionaldigital.com.br\/index.php?rest_route=%2Fwp%2Fv2%2Fmedia&parent=142969"}],"wp:term":[{"taxonomy":"category","embeddable":true,"href":"https:\/\/diarioregionaldigital.com.br\/index.php?rest_route=%2Fwp%2Fv2%2Fcategories&post=142969"},{"taxonomy":"post_tag","embeddable":true,"href":"https:\/\/diarioregionaldigital.com.br\/index.php?rest_route=%2Fwp%2Fv2%2Ftags&post=142969"}],"curies":[{"name":"wp","href":"https:\/\/api.w.org\/{rel}","templated":true}]}}