{"id":142963,"date":"2019-07-02T14:42:01","date_gmt":"2019-07-02T17:42:01","guid":{"rendered":"https:\/\/diarioregionaldigital.com.br\/?p=142963"},"modified":"2019-07-02T14:42:01","modified_gmt":"2019-07-02T17:42:01","slug":"leitura-do-parecer-complementar-da-previdencia-esta-marcada-para-hoje","status":"publish","type":"post","link":"https:\/\/diarioregionaldigital.com.br\/?p=142963","title":{"rendered":"Leitura do parecer complementar da Previd\u00eancia est\u00e1 marcada para hoje"},"content":{"rendered":"<p>A comiss\u00e3o especial da reforma da Previd\u00eancia (PEC 6\/19) na C\u00e2mara dos Deputados volta a se reunir na tarde de hoje (2) para a apresenta\u00e7\u00e3o do voto complementar do relator, deputado Samuel Moreira (PSDB-SP), com algumas modifica\u00e7\u00f5es no seu relat\u00f3rio. A poss\u00edvel reinclus\u00e3o de estados e munic\u00edpios na proposta ainda est\u00e1 em negocia\u00e7\u00e3o.<\/p>\n<p>Os presidentes da C\u00e2mara, Rodrigo Maia (DEM-RJ), e do Senado, Davi Alcolumbre (DEM-AP), est\u00e3o reunidos com l\u00edderes partid\u00e1rios e governadores na resid\u00eancia oficial da C\u00e2mara desde a manh\u00e3 para negociar que as novas regras valham tamb\u00e9m para servidores estaduais e municipais.<\/p>\n<p>De acordo com o projeto enviado pelo governo federal, a proposta de emenda \u00e0 Constitui\u00e7\u00e3o (PEC 6\/19) da reforma da Previd\u00eancia valeria automaticamente para servidores dos estados e dos munic\u00edpios, sem necessidade de aprova\u00e7\u00e3o pelos legislativos locais, mas esse ponto foi retirado do parecer do deputado Samuel Moreira.<\/p>\n<p>O l\u00edder da maioria, deputado Aguinaldo Ribeiro (PP-PB), defende a inclus\u00e3o dos governos locais na PEC se os governadores conseguirem agregar votos das bancadas estaduais para a aprova\u00e7\u00e3o da reforma. &#8220;\u00c9 preciso uma ades\u00e3o muito clara dos governadores em torno da previd\u00eancia. Eu defendo a entrada [dos estados e munic\u00edpios na reforma] desde que haja o compromisso do voto. \u00c9 muito c\u00f4modo voc\u00ea torcer para que se aprove uma reforma em seu benef\u00edcio mas voc\u00ea se posicionando contra&#8221;.<\/p>\n<p>Durante as conversas com os parlamentares na semana passada, os governadores afirmaram que a reforma como est\u00e1 n\u00e3o resolve o problema de caixa dos estados. Eles reivindicaram a aprova\u00e7\u00e3o de projetos que aumentem os recursos dos governos locais.<\/p>\n<p>Fonte: Ag\u00eancia Brasil<\/p>\n","protected":false},"excerpt":{"rendered":"<p>A comiss\u00e3o especial da reforma da Previd\u00eancia (PEC 6\/19) na C\u00e2mara dos Deputados volta a se reunir na tarde de hoje (2) para a apresenta\u00e7\u00e3o do voto complementar do relator, deputado Samuel Moreira (PSDB-SP), com algumas modifica\u00e7\u00f5es no seu relat\u00f3rio. A poss\u00edvel reinclus\u00e3o de estados e munic\u00edpios na proposta ainda est\u00e1 em negocia\u00e7\u00e3o. Os presidentes [&hellip;]<\/p>\n","protected":false},"author":96,"featured_media":142964,"comment_status":"closed","ping_status":"closed","sticky":false,"template":"","format":"standard","meta":{"footnotes":""},"categories":[436,254,439],"tags":[],"class_list":["post-142963","post","type-post","status-publish","format-standard","has-post-thumbnail","hentry","category-destaque-da-semana","category-politica","category-ultima-hora"],"_links":{"self":[{"href":"https:\/\/diarioregionaldigital.com.br\/index.php?rest_route=\/wp\/v2\/posts\/142963","targetHints":{"allow":["GET"]}}],"collection":[{"href":"https:\/\/diarioregionaldigital.com.br\/index.php?rest_route=\/wp\/v2\/posts"}],"about":[{"href":"https:\/\/diarioregionaldigital.com.br\/index.php?rest_route=\/wp\/v2\/types\/post"}],"author":[{"embeddable":true,"href":"https:\/\/diarioregionaldigital.com.br\/index.php?rest_route=\/wp\/v2\/users\/96"}],"replies":[{"embeddable":true,"href":"https:\/\/diarioregionaldigital.com.br\/index.php?rest_route=%2Fwp%2Fv2%2Fcomments&post=142963"}],"version-history":[{"count":0,"href":"https:\/\/diarioregionaldigital.com.br\/index.php?rest_route=\/wp\/v2\/posts\/142963\/revisions"}],"wp:featuredmedia":[{"embeddable":true,"href":"https:\/\/diarioregionaldigital.com.br\/index.php?rest_route=\/wp\/v2\/media\/142964"}],"wp:attachment":[{"href":"https:\/\/diarioregionaldigital.com.br\/index.php?rest_route=%2Fwp%2Fv2%2Fmedia&parent=142963"}],"wp:term":[{"taxonomy":"category","embeddable":true,"href":"https:\/\/diarioregionaldigital.com.br\/index.php?rest_route=%2Fwp%2Fv2%2Fcategories&post=142963"},{"taxonomy":"post_tag","embeddable":true,"href":"https:\/\/diarioregionaldigital.com.br\/index.php?rest_route=%2Fwp%2Fv2%2Ftags&post=142963"}],"curies":[{"name":"wp","href":"https:\/\/api.w.org\/{rel}","templated":true}]}}