{"id":142957,"date":"2019-07-02T06:00:04","date_gmt":"2019-07-02T09:00:04","guid":{"rendered":"https:\/\/diarioregionaldigital.com.br\/?p=142957"},"modified":"2019-07-01T19:04:28","modified_gmt":"2019-07-01T22:04:28","slug":"homenagem-4","status":"publish","type":"post","link":"https:\/\/diarioregionaldigital.com.br\/?p=142957","title":{"rendered":"Homenagem"},"content":{"rendered":"<p style=\"text-align: center;\"><strong>Posse<\/strong><\/p>\n<p style=\"text-align: center;\">O chefe da Pol\u00edcia Civil de Minas Gerais, Delegado Gerald Wagner Pinto de Souza, convida este colunista para a posse do chefe do 4\u00ba Departamento em Juiz de Fora, delegado geral Gustavo Ad\u00e9lio Lara Ferreira. Ser\u00e1 dia 4 de julho de 2019, \u00e0s 14h, no Audit\u00f3rio do 4\u00ba RISP, no bairro Nova Era.<\/p>\n<p style=\"text-align: center;\"><strong>Olha S\u00f3<\/strong><\/p>\n<p style=\"text-align: center;\">Muitos s\u00e3o os desafios para quem for eleito presidente do MDB mineiro. O partido que em 2014, contava com 10 deputados federais teve esse n\u00famero reduzido para 7 no \u00faltimo pleito. O presidente interino da sigla, o ex-deputado Saraiva Felipe, \u00e9 candidato a continuar no cargo e garante que, se for consagrado pelo voto usar\u00e1 de sua experi\u00eancia para reverter o quadro de hoje.<\/p>\n<p style=\"text-align: center;\"><strong>Talento<\/strong><\/p>\n<p style=\"text-align: center;\">Din\u00e2mico e atuante, o jovem aluno de filosofia da UFJF, Jo\u00e3o Gabriel, 19 anos, foi o vencedor do Pr\u00eamio Sesc de Literatura com o livro \u201cO doce e o amargo\u201d.<\/p>\n<p style=\"text-align: center;\"><strong>Apresentando<\/strong><\/p>\n<p style=\"text-align: center;\">Mobiliza\u00e7\u00e3o no CES\/JF reuniu como convidados do evento \u201cVivenciando o Marketing e RH\u201d, os antenado F\u00e1tima Chaves Aleixo, Isabella Paiva, Diogo Garcia, Kyro Karam e Guilherme Leit\u00e3o. A orienta\u00e7\u00e3o foi da professora Kelly Scoralick.<\/p>\n<p style=\"text-align: center;\"><strong>Olha S\u00f3<\/strong><\/p>\n<p style=\"text-align: center;\">A Ouro Preto, empresa de \u00f3leo e g\u00e1s de Rodolfo Landim, ganhou da Petrobras o direito de fazer uma oferta por dez campos de Petr\u00f3leo (Enchova e Pampo) na \u00e1rea sul da Bacia de Campos. A proposta vai ficar na casa dos bilh\u00f5es de d\u00f3lares.<\/p>\n<p style=\"text-align: center;\"><span style=\"font-size: 14pt;\"><strong>Homenagem<\/strong><\/span><\/p>\n<p style=\"text-align: center;\">Em sess\u00e3o concorrida no Pal\u00e1cio Barbosa Lima da C\u00e2mara Municipal de Juiz de Fora, a advogada Anna Ede recebeu o \u201cT\u00edtulo de Cidad\u00e3 Honor\u00e1ria de Juiz de Fora\u201d. Amigos e familiares foram prestigiar a bonita noite de cerim\u00f4nia\u201d. As fotos de Marc\u00edlio Gomes s\u00e3o destaque nesta p\u00e1gina.<\/p>\n<div id=\"attachment_142917\" style=\"width: 690px\" class=\"wp-caption aligncenter\"><img loading=\"lazy\" decoding=\"async\" aria-describedby=\"caption-attachment-142917\" class=\"wp-image-142917\" src=\"https:\/\/diarioregionaldigital.com.br\/wp-content\/uploads\/2019\/07\/fotoa.jpg\" alt=\"\" width=\"680\" height=\"449\" srcset=\"https:\/\/diarioregionaldigital.com.br\/wp-content\/uploads\/2019\/07\/fotoa.jpg 1764w, https:\/\/diarioregionaldigital.com.br\/wp-content\/uploads\/2019\/07\/fotoa-300x198.jpg 300w, https:\/\/diarioregionaldigital.com.br\/wp-content\/uploads\/2019\/07\/fotoa-768x507.jpg 768w, https:\/\/diarioregionaldigital.com.br\/wp-content\/uploads\/2019\/07\/fotoa-1024x676.jpg 1024w, https:\/\/diarioregionaldigital.com.br\/wp-content\/uploads\/2019\/07\/fotoa-1440x950.jpg 1440w, https:\/\/diarioregionaldigital.com.br\/wp-content\/uploads\/2019\/07\/fotoa-360x238.jpg 360w\" sizes=\"auto, (max-width: 680px) 100vw, 680px\" \/><p id=\"caption-attachment-142917\" class=\"wp-caption-text\">Jo\u00e3o Coteca, deputada Sheila Oliveira, a homenageada Anna Ede, vereadora Ana Rosignolli e vereador Keneddy Ribeiro<\/p><\/div>\n<div id=\"attachment_142918\" style=\"width: 690px\" class=\"wp-caption aligncenter\"><img loading=\"lazy\" decoding=\"async\" aria-describedby=\"caption-attachment-142918\" class=\"wp-image-142918\" src=\"https:\/\/diarioregionaldigital.com.br\/wp-content\/uploads\/2019\/07\/fotob.jpg\" alt=\"\" width=\"680\" height=\"449\" srcset=\"https:\/\/diarioregionaldigital.com.br\/wp-content\/uploads\/2019\/07\/fotob.jpg 1770w, https:\/\/diarioregionaldigital.com.br\/wp-content\/uploads\/2019\/07\/fotob-300x198.jpg 300w, https:\/\/diarioregionaldigital.com.br\/wp-content\/uploads\/2019\/07\/fotob-768x508.jpg 768w, https:\/\/diarioregionaldigital.com.br\/wp-content\/uploads\/2019\/07\/fotob-1024x677.jpg 1024w, https:\/\/diarioregionaldigital.com.br\/wp-content\/uploads\/2019\/07\/fotob-1440x950.jpg 1440w, https:\/\/diarioregionaldigital.com.br\/wp-content\/uploads\/2019\/07\/fotob-360x238.jpg 360w\" sizes=\"auto, (max-width: 680px) 100vw, 680px\" \/><p id=\"caption-attachment-142918\" class=\"wp-caption-text\">Secret\u00e1rio de governo, Jos\u00e9 Soter de Figueiroa, Anna Ede e Rog\u00e9rio Rodrigues<\/p><\/div>\n<div id=\"attachment_142919\" style=\"width: 690px\" class=\"wp-caption aligncenter\"><img loading=\"lazy\" decoding=\"async\" aria-describedby=\"caption-attachment-142919\" class=\"wp-image-142919\" src=\"https:\/\/diarioregionaldigital.com.br\/wp-content\/uploads\/2019\/07\/fotoc.jpg\" alt=\"\" width=\"680\" height=\"451\" srcset=\"https:\/\/diarioregionaldigital.com.br\/wp-content\/uploads\/2019\/07\/fotoc.jpg 1764w, https:\/\/diarioregionaldigital.com.br\/wp-content\/uploads\/2019\/07\/fotoc-300x199.jpg 300w, https:\/\/diarioregionaldigital.com.br\/wp-content\/uploads\/2019\/07\/fotoc-768x509.jpg 768w, https:\/\/diarioregionaldigital.com.br\/wp-content\/uploads\/2019\/07\/fotoc-1024x679.jpg 1024w, https:\/\/diarioregionaldigital.com.br\/wp-content\/uploads\/2019\/07\/fotoc-360x239.jpg 360w\" sizes=\"auto, (max-width: 680px) 100vw, 680px\" \/><p id=\"caption-attachment-142919\" class=\"wp-caption-text\">Concei\u00e7\u00e3o Castro Gon\u00e7alves, Anna Ede e Marc\u00edlio Gomes<\/p><\/div>\n<div id=\"attachment_142920\" style=\"width: 690px\" class=\"wp-caption aligncenter\"><img loading=\"lazy\" decoding=\"async\" aria-describedby=\"caption-attachment-142920\" class=\"wp-image-142920\" src=\"https:\/\/diarioregionaldigital.com.br\/wp-content\/uploads\/2019\/07\/fotod-e1562017929308.jpg\" alt=\"\" width=\"680\" height=\"522\" srcset=\"https:\/\/diarioregionaldigital.com.br\/wp-content\/uploads\/2019\/07\/fotod-e1562017929308.jpg 1173w, https:\/\/diarioregionaldigital.com.br\/wp-content\/uploads\/2019\/07\/fotod-e1562017929308-300x230.jpg 300w, https:\/\/diarioregionaldigital.com.br\/wp-content\/uploads\/2019\/07\/fotod-e1562017929308-768x589.jpg 768w, https:\/\/diarioregionaldigital.com.br\/wp-content\/uploads\/2019\/07\/fotod-e1562017929308-1024x786.jpg 1024w, https:\/\/diarioregionaldigital.com.br\/wp-content\/uploads\/2019\/07\/fotod-e1562017929308-360x276.jpg 360w\" sizes=\"auto, (max-width: 680px) 100vw, 680px\" \/><p id=\"caption-attachment-142920\" class=\"wp-caption-text\">Vereador Pardal e Anna Ede<\/p><\/div>\n<div id=\"attachment_142921\" style=\"width: 690px\" class=\"wp-caption aligncenter\"><img loading=\"lazy\" decoding=\"async\" aria-describedby=\"caption-attachment-142921\" class=\"wp-image-142921\" src=\"https:\/\/diarioregionaldigital.com.br\/wp-content\/uploads\/2019\/07\/fotoe.jpg\" alt=\"\" width=\"680\" height=\"449\" srcset=\"https:\/\/diarioregionaldigital.com.br\/wp-content\/uploads\/2019\/07\/fotoe.jpg 1770w, https:\/\/diarioregionaldigital.com.br\/wp-content\/uploads\/2019\/07\/fotoe-300x198.jpg 300w, https:\/\/diarioregionaldigital.com.br\/wp-content\/uploads\/2019\/07\/fotoe-768x508.jpg 768w, https:\/\/diarioregionaldigital.com.br\/wp-content\/uploads\/2019\/07\/fotoe-1024x677.jpg 1024w, https:\/\/diarioregionaldigital.com.br\/wp-content\/uploads\/2019\/07\/fotoe-1440x950.jpg 1440w, https:\/\/diarioregionaldigital.com.br\/wp-content\/uploads\/2019\/07\/fotoe-360x238.jpg 360w\" sizes=\"auto, (max-width: 680px) 100vw, 680px\" \/><p id=\"caption-attachment-142921\" class=\"wp-caption-text\">Maria Antonieta Amaral Ede, Anna Ede e Cesarina de Lima<\/p><\/div>\n<div id=\"attachment_142922\" style=\"width: 690px\" class=\"wp-caption aligncenter\"><img loading=\"lazy\" decoding=\"async\" aria-describedby=\"caption-attachment-142922\" class=\"wp-image-142922\" src=\"https:\/\/diarioregionaldigital.com.br\/wp-content\/uploads\/2019\/07\/fotof.jpg\" alt=\"\" width=\"680\" height=\"449\" srcset=\"https:\/\/diarioregionaldigital.com.br\/wp-content\/uploads\/2019\/07\/fotof.jpg 1770w, https:\/\/diarioregionaldigital.com.br\/wp-content\/uploads\/2019\/07\/fotof-300x198.jpg 300w, https:\/\/diarioregionaldigital.com.br\/wp-content\/uploads\/2019\/07\/fotof-768x508.jpg 768w, https:\/\/diarioregionaldigital.com.br\/wp-content\/uploads\/2019\/07\/fotof-1024x677.jpg 1024w, https:\/\/diarioregionaldigital.com.br\/wp-content\/uploads\/2019\/07\/fotof-1440x950.jpg 1440w, https:\/\/diarioregionaldigital.com.br\/wp-content\/uploads\/2019\/07\/fotof-360x238.jpg 360w\" sizes=\"auto, (max-width: 680px) 100vw, 680px\" \/><p id=\"caption-attachment-142922\" class=\"wp-caption-text\">Jo\u00e3o Fernando Louren\u00e7o (OAB), Ana Rossignolli, S\u00e9rgio Braga, Anna Ede, Gerson Occhi, Paulo Roberto de Gouvea Medina<\/p><\/div>\n<div id=\"attachment_142923\" style=\"width: 690px\" class=\"wp-caption aligncenter\"><img loading=\"lazy\" decoding=\"async\" aria-describedby=\"caption-attachment-142923\" class=\"wp-image-142923\" src=\"https:\/\/diarioregionaldigital.com.br\/wp-content\/uploads\/2019\/07\/fotog-e1562015917157.jpg\" alt=\"\" width=\"680\" height=\"520\" srcset=\"https:\/\/diarioregionaldigital.com.br\/wp-content\/uploads\/2019\/07\/fotog-e1562015917157.jpg 1176w, https:\/\/diarioregionaldigital.com.br\/wp-content\/uploads\/2019\/07\/fotog-e1562015917157-300x229.jpg 300w, https:\/\/diarioregionaldigital.com.br\/wp-content\/uploads\/2019\/07\/fotog-e1562015917157-768x587.jpg 768w, https:\/\/diarioregionaldigital.com.br\/wp-content\/uploads\/2019\/07\/fotog-e1562015917157-1024x783.jpg 1024w, https:\/\/diarioregionaldigital.com.br\/wp-content\/uploads\/2019\/07\/fotog-e1562015917157-360x275.jpg 360w\" sizes=\"auto, (max-width: 680px) 100vw, 680px\" \/><p id=\"caption-attachment-142923\" class=\"wp-caption-text\">Anna Ede e sheik Hosni Youssef<\/p><\/div>\n<div id=\"attachment_142924\" style=\"width: 690px\" class=\"wp-caption aligncenter\"><img loading=\"lazy\" decoding=\"async\" aria-describedby=\"caption-attachment-142924\" class=\"wp-image-142924\" src=\"https:\/\/diarioregionaldigital.com.br\/wp-content\/uploads\/2019\/07\/fotoh.jpg\" alt=\"\" width=\"680\" height=\"453\" srcset=\"https:\/\/diarioregionaldigital.com.br\/wp-content\/uploads\/2019\/07\/fotoh.jpg 1764w, https:\/\/diarioregionaldigital.com.br\/wp-content\/uploads\/2019\/07\/fotoh-300x200.jpg 300w, https:\/\/diarioregionaldigital.com.br\/wp-content\/uploads\/2019\/07\/fotoh-768x512.jpg 768w, https:\/\/diarioregionaldigital.com.br\/wp-content\/uploads\/2019\/07\/fotoh-1024x683.jpg 1024w, https:\/\/diarioregionaldigital.com.br\/wp-content\/uploads\/2019\/07\/fotoh-360x240.jpg 360w\" sizes=\"auto, (max-width: 680px) 100vw, 680px\" \/><p id=\"caption-attachment-142924\" class=\"wp-caption-text\">Josane Oliveira, Anna Ede e Em\u00edlia Ede<\/p><\/div>\n<div id=\"attachment_142925\" style=\"width: 690px\" class=\"wp-caption aligncenter\"><img loading=\"lazy\" decoding=\"async\" aria-describedby=\"caption-attachment-142925\" class=\"wp-image-142925\" src=\"https:\/\/diarioregionaldigital.com.br\/wp-content\/uploads\/2019\/07\/fotoi.jpg\" alt=\"\" width=\"680\" height=\"453\" srcset=\"https:\/\/diarioregionaldigital.com.br\/wp-content\/uploads\/2019\/07\/fotoi.jpg 1764w, https:\/\/diarioregionaldigital.com.br\/wp-content\/uploads\/2019\/07\/fotoi-300x200.jpg 300w, https:\/\/diarioregionaldigital.com.br\/wp-content\/uploads\/2019\/07\/fotoi-768x512.jpg 768w, https:\/\/diarioregionaldigital.com.br\/wp-content\/uploads\/2019\/07\/fotoi-1024x683.jpg 1024w, https:\/\/diarioregionaldigital.com.br\/wp-content\/uploads\/2019\/07\/fotoi-360x240.jpg 360w\" sizes=\"auto, (max-width: 680px) 100vw, 680px\" \/><p id=\"caption-attachment-142925\" class=\"wp-caption-text\">Jo\u00e3o da Amac, Anna Ede e Den\u00edlson Romano<\/p><\/div>\n<div id=\"attachment_142926\" style=\"width: 690px\" class=\"wp-caption aligncenter\"><img loading=\"lazy\" decoding=\"async\" aria-describedby=\"caption-attachment-142926\" class=\"wp-image-142926\" src=\"https:\/\/diarioregionaldigital.com.br\/wp-content\/uploads\/2019\/07\/fotoj.jpg\" alt=\"\" width=\"680\" height=\"452\" srcset=\"https:\/\/diarioregionaldigital.com.br\/wp-content\/uploads\/2019\/07\/fotoj.jpg 1770w, https:\/\/diarioregionaldigital.com.br\/wp-content\/uploads\/2019\/07\/fotoj-300x199.jpg 300w, https:\/\/diarioregionaldigital.com.br\/wp-content\/uploads\/2019\/07\/fotoj-768x510.jpg 768w, https:\/\/diarioregionaldigital.com.br\/wp-content\/uploads\/2019\/07\/fotoj-1024x680.jpg 1024w, https:\/\/diarioregionaldigital.com.br\/wp-content\/uploads\/2019\/07\/fotoj-360x239.jpg 360w\" sizes=\"auto, (max-width: 680px) 100vw, 680px\" \/><p id=\"caption-attachment-142926\" class=\"wp-caption-text\">Ana Beatriz Chaves e Anna Ede<\/p><\/div>\n<div id=\"attachment_142927\" style=\"width: 690px\" class=\"wp-caption aligncenter\"><img loading=\"lazy\" decoding=\"async\" aria-describedby=\"caption-attachment-142927\" class=\"wp-image-142927\" src=\"https:\/\/diarioregionaldigital.com.br\/wp-content\/uploads\/2019\/07\/fotol.jpg\" alt=\"\" width=\"680\" height=\"449\" srcset=\"https:\/\/diarioregionaldigital.com.br\/wp-content\/uploads\/2019\/07\/fotol.jpg 1770w, https:\/\/diarioregionaldigital.com.br\/wp-content\/uploads\/2019\/07\/fotol-300x198.jpg 300w, https:\/\/diarioregionaldigital.com.br\/wp-content\/uploads\/2019\/07\/fotol-768x508.jpg 768w, https:\/\/diarioregionaldigital.com.br\/wp-content\/uploads\/2019\/07\/fotol-1024x677.jpg 1024w, https:\/\/diarioregionaldigital.com.br\/wp-content\/uploads\/2019\/07\/fotol-1440x950.jpg 1440w, https:\/\/diarioregionaldigital.com.br\/wp-content\/uploads\/2019\/07\/fotol-360x238.jpg 360w\" sizes=\"auto, (max-width: 680px) 100vw, 680px\" \/><p id=\"caption-attachment-142927\" class=\"wp-caption-text\">Anna Ede e amigos advogados da OAB\/JF<\/p><\/div>\n<p style=\"text-align: center;\"><strong>FOTOSS\u00cdNTESE<\/strong><\/p>\n<p>A diva Sandra Portella inicia o m\u00eas de julho com agenda lotada. No dia 12 de julho, de 12h \u00e0s 17h, ela se apresenta com os Bachar\u00e9is do samba na 15\u00aa Feijoada do IMEPP, no Privil\u00e8ge. J\u00e1 no dia 13 de julho, ela vai arrasar no Bar do Zeca Pagodinho, na Barra (Rio).<\/p>\n<p>Antenad\u00edssimas com a qualidade de vida, Maria Alice de Toledo e Patr\u00edcia Gouv\u00eaa Lima est\u00e3o em sintonia com o espa\u00e7o Atitude. As fisioterapeutas trabalham com RPG, pilates, esteira, fisioterapia, acupuntura, drenagem linf\u00e1tica e condicionamento f\u00edsico. O bate-local \u00e9 na Rua Santo Ant\u00f4nio, n\u00ba 630\/201.<\/p>\n<p>A elegante m\u00e9dica dermatologista Cristina Mansur est\u00e1 curtindo merecidas f\u00e9rias e aproveita para participar de semin\u00e1rios sobre pele e laser em n\u00edvel internacional.<\/p>\n<p>Ludmila Greg\u00f3rio faz sucesso com Espa\u00e7o Gourmet Parque Halfeld, com op\u00e7\u00e3o saud\u00e1vel para o almo\u00e7o. Em cena, perda de peso e medidas sem passar fome. O almo\u00e7o \u00e9 de 11h \u00e0s 15h30 e o endere\u00e7o fica na av. Rio Branco, n\u00ba 2189\/sala 1501.<\/p>\n<p>Aten\u00e7\u00e3o: O IMEPP est\u00e1 com novo endere\u00e7o na Rua Maria Perp\u00e9tua, n\u00ba 258, no bairro Ladeira. Em momento dif\u00edcil, solicita doa\u00e7\u00f5es. Vou fazer minha parte, fa\u00e7a a sua!<\/p>\n<p>Para o dia 13 de julho, os juiz-foranos Bruno Malvaccini e Luiz Cl\u00e1udio Santiago (Dim) estar\u00e3o no Aeroporto da Serrinha procurando buscar o maior n\u00famero de saltos noturnos pela primeira vez no Brasil. Ser\u00e3o cerca de 50 saltos entre o p\u00f4r do sol do dia 13 e o nascer do sol seguinte. A dupla aguarda o Documento da For\u00e7a A\u00e9rea Brasileira com a autoriza\u00e7\u00e3o.<\/p>\n<p>O zagueiro do Chelsea, David Luis, est\u00e1 de f\u00e9rias em Juiz de Fora e deu muitos aut\u00f3grafos em almo\u00e7o na Chimarron.<\/p>\n<p>Para deduzir: \u201cN\u00e3o jogue pedrinhas no telhado do vizinho se o seu \u00e9 de vidro\u201d. (Sabedoria Popular).<\/p>\n<p><img loading=\"lazy\" decoding=\"async\" class=\"aligncenter size-full wp-image-142227\" src=\"https:\/\/diarioregionaldigital.com.br\/wp-content\/uploads\/2019\/06\/anuncio7.jpg\" alt=\"\" width=\"3477\" height=\"1288\" srcset=\"https:\/\/diarioregionaldigital.com.br\/wp-content\/uploads\/2019\/06\/anuncio7.jpg 3477w, https:\/\/diarioregionaldigital.com.br\/wp-content\/uploads\/2019\/06\/anuncio7-300x111.jpg 300w, https:\/\/diarioregionaldigital.com.br\/wp-content\/uploads\/2019\/06\/anuncio7-768x284.jpg 768w, https:\/\/diarioregionaldigital.com.br\/wp-content\/uploads\/2019\/06\/anuncio7-1024x379.jpg 1024w, https:\/\/diarioregionaldigital.com.br\/wp-content\/uploads\/2019\/06\/anuncio7-360x133.jpg 360w\" sizes=\"auto, (max-width: 3477px) 100vw, 3477px\" \/><\/p>\n","protected":false},"excerpt":{"rendered":"<p>Posse O chefe da Pol\u00edcia Civil de Minas Gerais, Delegado Gerald Wagner Pinto de Souza, convida este colunista para a posse do chefe do 4\u00ba Departamento em Juiz de Fora, delegado geral Gustavo Ad\u00e9lio Lara Ferreira. Ser\u00e1 dia 4 de julho de 2019, \u00e0s 14h, no Audit\u00f3rio do 4\u00ba RISP, no bairro Nova Era. Olha [&hellip;]<\/p>\n","protected":false},"author":96,"featured_media":142917,"comment_status":"closed","ping_status":"closed","sticky":false,"template":"","format":"standard","meta":{"footnotes":""},"categories":[264],"tags":[],"class_list":["post-142957","post","type-post","status-publish","format-standard","has-post-thumbnail","hentry","category-eduardo-gomes"],"_links":{"self":[{"href":"https:\/\/diarioregionaldigital.com.br\/index.php?rest_route=\/wp\/v2\/posts\/142957","targetHints":{"allow":["GET"]}}],"collection":[{"href":"https:\/\/diarioregionaldigital.com.br\/index.php?rest_route=\/wp\/v2\/posts"}],"about":[{"href":"https:\/\/diarioregionaldigital.com.br\/index.php?rest_route=\/wp\/v2\/types\/post"}],"author":[{"embeddable":true,"href":"https:\/\/diarioregionaldigital.com.br\/index.php?rest_route=\/wp\/v2\/users\/96"}],"replies":[{"embeddable":true,"href":"https:\/\/diarioregionaldigital.com.br\/index.php?rest_route=%2Fwp%2Fv2%2Fcomments&post=142957"}],"version-history":[{"count":0,"href":"https:\/\/diarioregionaldigital.com.br\/index.php?rest_route=\/wp\/v2\/posts\/142957\/revisions"}],"wp:featuredmedia":[{"embeddable":true,"href":"https:\/\/diarioregionaldigital.com.br\/index.php?rest_route=\/wp\/v2\/media\/142917"}],"wp:attachment":[{"href":"https:\/\/diarioregionaldigital.com.br\/index.php?rest_route=%2Fwp%2Fv2%2Fmedia&parent=142957"}],"wp:term":[{"taxonomy":"category","embeddable":true,"href":"https:\/\/diarioregionaldigital.com.br\/index.php?rest_route=%2Fwp%2Fv2%2Fcategories&post=142957"},{"taxonomy":"post_tag","embeddable":true,"href":"https:\/\/diarioregionaldigital.com.br\/index.php?rest_route=%2Fwp%2Fv2%2Ftags&post=142957"}],"curies":[{"name":"wp","href":"https:\/\/api.w.org\/{rel}","templated":true}]}}