{"id":142952,"date":"2019-07-02T06:00:01","date_gmt":"2019-07-02T09:00:01","guid":{"rendered":"https:\/\/diarioregionaldigital.com.br\/?p=142952"},"modified":"2019-07-01T18:47:03","modified_gmt":"2019-07-01T21:47:03","slug":"prefeitura-municipal-de-descoberto-02-07-19","status":"publish","type":"post","link":"https:\/\/diarioregionaldigital.com.br\/?p=142952","title":{"rendered":"Prefeitura Municipal de Descoberto &#8211; 02\/07\/19"},"content":{"rendered":"<p style=\"text-align: center;\"><strong>EXTRATO DE CONTRATO<\/strong><\/p>\n<p style=\"text-align: center;\">Pref. Municipal de Descoberto x Carlos Eduardo Oliveira 03706595621\u2013 Objeto: Presta\u00e7\u00e3o de servi\u00e7os de sonoriza\u00e7\u00e3o, ilumina\u00e7\u00e3o e propaganda volante para reuni\u00f5es, festas e eventos da Prefeitura \u2013 Fundamento: Preg\u00e3o n\u00ba 016\/2019 &#8211; Valor Global: 167.040,75 &#8211; Vig\u00eancia: 12 meses &#8211; Dot or\u00e7: 02.2000..04.122.0002.218-339039\/100- 02.08000.08.244.0011.232-339039\/100- 02.04001.12.122.0002.233-339039\/100- 02.05001.10.122.0002.284-339039\/100 &#8211; Ass: 28\/06\/2019 &#8211; Foro: S\u00e3o Jo\u00e3o Nepomuceno\/MG.<\/p>\n<p style=\"text-align: center;\"><strong>Marcos de Ara\u00fajo Lima<\/strong><\/p>\n<p style=\"text-align: center;\"><strong>Prefeito Municipal<\/strong><\/p>\n","protected":false},"excerpt":{"rendered":"<p>EXTRATO DE CONTRATO Pref. Municipal de Descoberto x Carlos Eduardo Oliveira 03706595621\u2013 Objeto: Presta\u00e7\u00e3o de servi\u00e7os de sonoriza\u00e7\u00e3o, ilumina\u00e7\u00e3o e propaganda volante para reuni\u00f5es, festas e eventos da Prefeitura \u2013 Fundamento: Preg\u00e3o n\u00ba 016\/2019 &#8211; Valor Global: 167.040,75 &#8211; Vig\u00eancia: 12 meses &#8211; Dot or\u00e7: 02.2000..04.122.0002.218-339039\/100- 02.08000.08.244.0011.232-339039\/100- 02.04001.12.122.0002.233-339039\/100- 02.05001.10.122.0002.284-339039\/100 &#8211; Ass: 28\/06\/2019 &#8211; Foro: S\u00e3o [&hellip;]<\/p>\n","protected":false},"author":96,"featured_media":0,"comment_status":"closed","ping_status":"closed","sticky":false,"template":"","format":"standard","meta":{"footnotes":""},"categories":[307],"tags":[],"class_list":["post-142952","post","type-post","status-publish","format-standard","hentry","category-editais"],"_links":{"self":[{"href":"https:\/\/diarioregionaldigital.com.br\/index.php?rest_route=\/wp\/v2\/posts\/142952","targetHints":{"allow":["GET"]}}],"collection":[{"href":"https:\/\/diarioregionaldigital.com.br\/index.php?rest_route=\/wp\/v2\/posts"}],"about":[{"href":"https:\/\/diarioregionaldigital.com.br\/index.php?rest_route=\/wp\/v2\/types\/post"}],"author":[{"embeddable":true,"href":"https:\/\/diarioregionaldigital.com.br\/index.php?rest_route=\/wp\/v2\/users\/96"}],"replies":[{"embeddable":true,"href":"https:\/\/diarioregionaldigital.com.br\/index.php?rest_route=%2Fwp%2Fv2%2Fcomments&post=142952"}],"version-history":[{"count":0,"href":"https:\/\/diarioregionaldigital.com.br\/index.php?rest_route=\/wp\/v2\/posts\/142952\/revisions"}],"wp:attachment":[{"href":"https:\/\/diarioregionaldigital.com.br\/index.php?rest_route=%2Fwp%2Fv2%2Fmedia&parent=142952"}],"wp:term":[{"taxonomy":"category","embeddable":true,"href":"https:\/\/diarioregionaldigital.com.br\/index.php?rest_route=%2Fwp%2Fv2%2Fcategories&post=142952"},{"taxonomy":"post_tag","embeddable":true,"href":"https:\/\/diarioregionaldigital.com.br\/index.php?rest_route=%2Fwp%2Fv2%2Ftags&post=142952"}],"curies":[{"name":"wp","href":"https:\/\/api.w.org\/{rel}","templated":true}]}}