{"id":142949,"date":"2019-07-02T06:00:18","date_gmt":"2019-07-02T09:00:18","guid":{"rendered":"https:\/\/diarioregionaldigital.com.br\/?p=142949"},"modified":"2019-07-01T18:45:50","modified_gmt":"2019-07-01T21:45:50","slug":"camara-municipal-de-coronel-pacheco-licitacao-no01-02-07-19","status":"publish","type":"post","link":"https:\/\/diarioregionaldigital.com.br\/?p=142949","title":{"rendered":"C\u00e2mara Municipal de Coronel Pacheco &#8211; Licita\u00e7\u00e3o n\u00ba01 &#8211; 02\/07\/19"},"content":{"rendered":"<p style=\"text-align: center;\"><strong>C\u00c2MARA MUNICIPAL DE CORONEL PACHECO-MG<\/strong><\/p>\n<p style=\"text-align: center;\"><strong>AVISO DE LICITA\u00c7\u00c3O<\/strong><\/p>\n<p style=\"text-align: center;\"><strong>Processo Licita\u00e7\u00e3o n\u00b001\/2019<\/strong><\/p>\n<p style=\"text-align: center;\"><strong>Modalidade de Preg\u00e3o Presencial n\u00b001\/2019<\/strong><\/p>\n<p style=\"text-align: center;\">A C\u00e2mara Municipal de Coronel Pacheco-MG, na forma da lei, faz saber a todos os interessados que far\u00e1 licita\u00e7\u00e3o na modalidade de PREG\u00c3O PRESENCIAL, tendo como objeto apresta\u00e7\u00e3o de servi\u00e7o de manuten\u00e7\u00e3o adaptativa, corretiva, evolutiva e preventiva no site, e-mails, no Portal da Transpar\u00eancia da C\u00e2mara Municipal de Coronel Pacheco e inser\u00e7\u00e3o de conte\u00fado, cuja <strong>sess\u00e3o p\u00fablica se dar\u00e1 no dia 17\/07\/2019 as 14:00 horas <\/strong>na secretaria da C\u00e2mara Municipal, localizada na Pra\u00e7a Comendador Carlos Chagas, n\u00b0 54, Centro, Munic\u00edpio de Coronel Pacheco-MG. O edital completo encontra-se a disposi\u00e7\u00e3o dos interessados no endere\u00e7o citado anteriormente, no hor\u00e1rio de expediente de 12:00 as 17:00 horas e no site <a href=\"http:\/\/www.coronelpacheco.cam.mg.gov.br\">www.coronelpacheco.cam.mg.gov.br<\/a><\/p>\n<p style=\"text-align: center;\">Coronel Pacheco, 02 de julho de 2019.<\/p>\n<p style=\"text-align: center;\"><strong>Emerson Correa Gomes<\/strong><\/p>\n<p style=\"text-align: center;\"><strong>\u00a0Pregoeiro<\/strong><\/p>\n","protected":false},"excerpt":{"rendered":"<p>C\u00c2MARA MUNICIPAL DE CORONEL PACHECO-MG AVISO DE LICITA\u00c7\u00c3O Processo Licita\u00e7\u00e3o n\u00b001\/2019 Modalidade de Preg\u00e3o Presencial n\u00b001\/2019 A C\u00e2mara Municipal de Coronel Pacheco-MG, na forma da lei, faz saber a todos os interessados que far\u00e1 licita\u00e7\u00e3o na modalidade de PREG\u00c3O PRESENCIAL, tendo como objeto apresta\u00e7\u00e3o de servi\u00e7o de manuten\u00e7\u00e3o adaptativa, corretiva, evolutiva e preventiva no site, [&hellip;]<\/p>\n","protected":false},"author":96,"featured_media":0,"comment_status":"closed","ping_status":"closed","sticky":false,"template":"","format":"standard","meta":{"footnotes":""},"categories":[307],"tags":[],"class_list":["post-142949","post","type-post","status-publish","format-standard","hentry","category-editais"],"_links":{"self":[{"href":"https:\/\/diarioregionaldigital.com.br\/index.php?rest_route=\/wp\/v2\/posts\/142949","targetHints":{"allow":["GET"]}}],"collection":[{"href":"https:\/\/diarioregionaldigital.com.br\/index.php?rest_route=\/wp\/v2\/posts"}],"about":[{"href":"https:\/\/diarioregionaldigital.com.br\/index.php?rest_route=\/wp\/v2\/types\/post"}],"author":[{"embeddable":true,"href":"https:\/\/diarioregionaldigital.com.br\/index.php?rest_route=\/wp\/v2\/users\/96"}],"replies":[{"embeddable":true,"href":"https:\/\/diarioregionaldigital.com.br\/index.php?rest_route=%2Fwp%2Fv2%2Fcomments&post=142949"}],"version-history":[{"count":0,"href":"https:\/\/diarioregionaldigital.com.br\/index.php?rest_route=\/wp\/v2\/posts\/142949\/revisions"}],"wp:attachment":[{"href":"https:\/\/diarioregionaldigital.com.br\/index.php?rest_route=%2Fwp%2Fv2%2Fmedia&parent=142949"}],"wp:term":[{"taxonomy":"category","embeddable":true,"href":"https:\/\/diarioregionaldigital.com.br\/index.php?rest_route=%2Fwp%2Fv2%2Fcategories&post=142949"},{"taxonomy":"post_tag","embeddable":true,"href":"https:\/\/diarioregionaldigital.com.br\/index.php?rest_route=%2Fwp%2Fv2%2Ftags&post=142949"}],"curies":[{"name":"wp","href":"https:\/\/api.w.org\/{rel}","templated":true}]}}