{"id":142933,"date":"2019-07-01T17:50:34","date_gmt":"2019-07-01T20:50:34","guid":{"rendered":"https:\/\/diarioregionaldigital.com.br\/?p=142933"},"modified":"2019-07-02T17:18:33","modified_gmt":"2019-07-02T20:18:33","slug":"settra-altera-quadro-de-horarios-de-12-linhas-de-onibus","status":"publish","type":"post","link":"https:\/\/diarioregionaldigital.com.br\/?p=142933","title":{"rendered":"Settra altera quadro de hor\u00e1rios de 12 linhas de \u00f4nibus"},"content":{"rendered":"<p>Com objetivo de melhor o atendimento aos usu\u00e1rios do transporte coletivo urbano, a Secretaria de Transporte e Tr\u00e2nsito (Settra) da Prefeitura de Juiz de Fora (PJF) modificou o quadro de hor\u00e1rios de 12 linhas. As mudan\u00e7as come\u00e7am a valer a partir desta segunda-feira, 1\u00ba de julho.<\/p>\n<p>As linhas que sofreram altera\u00e7\u00e3o foram: 501, 512, 521, 522, 524, 534, 549, 603, 620, 720, 722, 730. Os novos quadros de hor\u00e1rios dos coletivos podem ser conferidos <a href=\"https:\/\/www.pjf.mg.gov.br\/noticias\/anexo\/quadro_horarios.pdf\">aqui<\/a>.<\/p>\n<p>&nbsp;<\/p>\n<p><strong>ALTERA\u00c7\u00d5ES NAS LINHS 136 E 621 <\/strong><\/p>\n<p>Al\u00e9m da mudan\u00e7a no quadro de hor\u00e1rios, a Settra alterou o itiner\u00e1rio da linha 136 \u2013 Bandeirantes \/ Santa Efig\u00eania, que ficou da seguinte forma: no sentido Bandeirantes\/Santa Efig\u00eania \u2013 \u201cRua Heitor In\u00e1cio, Rua Professora Julieta Albuquerque, Rua Adail Alevato, Rua Ant\u00f4nio da Rocha Lima\u201d, e no sentido Santa Efig\u00eania\/Bandeirantes \u2013 \u201cRua Ant\u00f4nio da Rocha Lima, Rua Adail Alevato, Rua Professora Julieta Albuquerque, Rua Heitor In\u00e1cio\u201d.<\/p>\n<p>Tamb\u00e9m houve mudan\u00e7a na linha 621, cuja altera\u00e7\u00e3o foi feita no ponto final, que foi deslocado para a Rua Major Raul Mendon\u00e7a, 170, atendendo a solicita\u00e7\u00e3o da Associa\u00e7\u00e3o de Moradores do bairro.<\/p>\n<p>As altera\u00e7\u00f5es tamb\u00e9m valem a partir desta segunda-feira, 1\u00ba de julho.<\/p>\n","protected":false},"excerpt":{"rendered":"<p>Com objetivo de melhor o atendimento aos usu\u00e1rios do transporte coletivo urbano, a Secretaria de Transporte e Tr\u00e2nsito (Settra) da Prefeitura de Juiz de Fora (PJF) modificou o quadro de hor\u00e1rios de 12 linhas. As mudan\u00e7as come\u00e7am a valer a partir desta segunda-feira, 1\u00ba de julho. As linhas que sofreram altera\u00e7\u00e3o foram: 501, 512, 521, [&hellip;]<\/p>\n","protected":false},"author":96,"featured_media":142934,"comment_status":"closed","ping_status":"closed","sticky":false,"template":"","format":"standard","meta":{"footnotes":""},"categories":[253,436,440,439],"tags":[],"class_list":["post-142933","post","type-post","status-publish","format-standard","has-post-thumbnail","hentry","category-cidade","category-destaque-da-semana","category-destaques-do-dia","category-ultima-hora"],"_links":{"self":[{"href":"https:\/\/diarioregionaldigital.com.br\/index.php?rest_route=\/wp\/v2\/posts\/142933","targetHints":{"allow":["GET"]}}],"collection":[{"href":"https:\/\/diarioregionaldigital.com.br\/index.php?rest_route=\/wp\/v2\/posts"}],"about":[{"href":"https:\/\/diarioregionaldigital.com.br\/index.php?rest_route=\/wp\/v2\/types\/post"}],"author":[{"embeddable":true,"href":"https:\/\/diarioregionaldigital.com.br\/index.php?rest_route=\/wp\/v2\/users\/96"}],"replies":[{"embeddable":true,"href":"https:\/\/diarioregionaldigital.com.br\/index.php?rest_route=%2Fwp%2Fv2%2Fcomments&post=142933"}],"version-history":[{"count":0,"href":"https:\/\/diarioregionaldigital.com.br\/index.php?rest_route=\/wp\/v2\/posts\/142933\/revisions"}],"wp:featuredmedia":[{"embeddable":true,"href":"https:\/\/diarioregionaldigital.com.br\/index.php?rest_route=\/wp\/v2\/media\/142934"}],"wp:attachment":[{"href":"https:\/\/diarioregionaldigital.com.br\/index.php?rest_route=%2Fwp%2Fv2%2Fmedia&parent=142933"}],"wp:term":[{"taxonomy":"category","embeddable":true,"href":"https:\/\/diarioregionaldigital.com.br\/index.php?rest_route=%2Fwp%2Fv2%2Fcategories&post=142933"},{"taxonomy":"post_tag","embeddable":true,"href":"https:\/\/diarioregionaldigital.com.br\/index.php?rest_route=%2Fwp%2Fv2%2Ftags&post=142933"}],"curies":[{"name":"wp","href":"https:\/\/api.w.org\/{rel}","templated":true}]}}