{"id":142928,"date":"2019-07-01T17:44:39","date_gmt":"2019-07-01T20:44:39","guid":{"rendered":"https:\/\/diarioregionaldigital.com.br\/?p=142928"},"modified":"2019-07-01T17:44:39","modified_gmt":"2019-07-01T20:44:39","slug":"biocombustivel-e-prioridade-para-o-governo-diz-ministro","status":"publish","type":"post","link":"https:\/\/diarioregionaldigital.com.br\/?p=142928","title":{"rendered":"Biocombust\u00edvel \u00e9 prioridade para o governo, diz ministro"},"content":{"rendered":"<p>O ministro de Minas e Energia, Bento Albuquerque, disse hoje (1\u00ba), ap\u00f3s participar de reuni\u00e3o com empres\u00e1rios da Federa\u00e7\u00e3o das Ind\u00fastrias do Estado de S\u00e3o Paulo (Fiesp), que o biocombust\u00edvel \u00e9 meta de uma pol\u00edtica p\u00fablica definida pelo governo. &#8220;Acho que est\u00e1 sendo muito bem conduzida e que trar\u00e1 bastante investimento, com expectativa de R$ 1,3 trilh\u00e3o em um per\u00edodo de dez anos. Ou seja, ser\u00e1 gera\u00e7\u00e3o de empregos, movimentando a economia&#8221;.<\/p>\n<p>Albuquerque informou que durante a reuni\u00e3o fez uma apresenta\u00e7\u00e3o sobre atua\u00e7\u00e3o da pasta e refor\u00e7ou que, no caso da energia, est\u00e1 implementando governan\u00e7a, estabilidade regulat\u00f3ria e jur\u00eddica, previsibilidade para que os investimentos possam ocorrer. &#8220;Tudo isso somado gera credibilidade e competitividade, porque teremos investimentos e certamente o beneficiado final ser\u00e1 o consumidor&#8221;.<\/p>\n<p>Sobre o modelo de capitaliza\u00e7\u00e3o da Eletrobras, que estava previsto para ser anunciado at\u00e9 o final de junho, Albuquerque disse acreditar que o cronograma est\u00e1 sendo cumprido mesmo que com algum atraso. Ele explicou que ser\u00e1 poss\u00edvel concluir o processo ainda este ano.<\/p>\n<p>&#8220;Estamos cumprindo o cronograma que est\u00e1 sendo feito com m\u00e9todo e vamos apresentar porque s\u00e3o v\u00e1rios atores envolvidos nisso. Temos que ver aquilo que implica em altera\u00e7\u00e3o de legisla\u00e7\u00e3o se for o caso. Ent\u00e3o \u00e9 um processo bastante complexo, mas estamos cumprindo o cronograma. Um atraso de 30 dias \u00e9 normal e isso pode ser revertido no futuro se esse processo for bem conduzido como est\u00e1 sendo&#8221;, disse.<\/p>\n<p>Em mar\u00e7o deste ano o ministro explicou que a meta do governo com a capitaliza\u00e7\u00e3o \u00e9 permitir que a empresa continue investindo na expans\u00e3o do setor el\u00e9trico sem a utiliza\u00e7\u00e3o de recursos da Uni\u00e3o. Com a capitaliza\u00e7\u00e3o, o Estado deve reduzir sua cota de a\u00e7\u00f5es aumentando, assim, a presen\u00e7a \u2013 e a participa\u00e7\u00e3o nas decis\u00f5es \u2013 dos investidores privados.<\/p>\n<p>O minist\u00e9rio est\u00e1 delineando o modelo de ingresso de capital privado na estatal junto com o Minist\u00e9rio da Economia e com o Banco Nacional de Desenvolvimento Econ\u00f4mico e Social.<\/p>\n<p>Fonte: Ag\u00eancia Brasil<\/p>\n","protected":false},"excerpt":{"rendered":"<p>O ministro de Minas e Energia, Bento Albuquerque, disse hoje (1\u00ba), ap\u00f3s participar de reuni\u00e3o com empres\u00e1rios da Federa\u00e7\u00e3o das Ind\u00fastrias do Estado de S\u00e3o Paulo (Fiesp), que o biocombust\u00edvel \u00e9 meta de uma pol\u00edtica p\u00fablica definida pelo governo. &#8220;Acho que est\u00e1 sendo muito bem conduzida e que trar\u00e1 bastante investimento, com expectativa de R$ [&hellip;]<\/p>\n","protected":false},"author":96,"featured_media":142930,"comment_status":"closed","ping_status":"closed","sticky":false,"template":"","format":"standard","meta":{"footnotes":""},"categories":[436,261,439],"tags":[],"class_list":["post-142928","post","type-post","status-publish","format-standard","has-post-thumbnail","hentry","category-destaque-da-semana","category-economia","category-ultima-hora"],"_links":{"self":[{"href":"https:\/\/diarioregionaldigital.com.br\/index.php?rest_route=\/wp\/v2\/posts\/142928","targetHints":{"allow":["GET"]}}],"collection":[{"href":"https:\/\/diarioregionaldigital.com.br\/index.php?rest_route=\/wp\/v2\/posts"}],"about":[{"href":"https:\/\/diarioregionaldigital.com.br\/index.php?rest_route=\/wp\/v2\/types\/post"}],"author":[{"embeddable":true,"href":"https:\/\/diarioregionaldigital.com.br\/index.php?rest_route=\/wp\/v2\/users\/96"}],"replies":[{"embeddable":true,"href":"https:\/\/diarioregionaldigital.com.br\/index.php?rest_route=%2Fwp%2Fv2%2Fcomments&post=142928"}],"version-history":[{"count":0,"href":"https:\/\/diarioregionaldigital.com.br\/index.php?rest_route=\/wp\/v2\/posts\/142928\/revisions"}],"wp:featuredmedia":[{"embeddable":true,"href":"https:\/\/diarioregionaldigital.com.br\/index.php?rest_route=\/wp\/v2\/media\/142930"}],"wp:attachment":[{"href":"https:\/\/diarioregionaldigital.com.br\/index.php?rest_route=%2Fwp%2Fv2%2Fmedia&parent=142928"}],"wp:term":[{"taxonomy":"category","embeddable":true,"href":"https:\/\/diarioregionaldigital.com.br\/index.php?rest_route=%2Fwp%2Fv2%2Fcategories&post=142928"},{"taxonomy":"post_tag","embeddable":true,"href":"https:\/\/diarioregionaldigital.com.br\/index.php?rest_route=%2Fwp%2Fv2%2Ftags&post=142928"}],"curies":[{"name":"wp","href":"https:\/\/api.w.org\/{rel}","templated":true}]}}