{"id":142913,"date":"2019-07-01T17:42:46","date_gmt":"2019-07-01T20:42:46","guid":{"rendered":"https:\/\/diarioregionaldigital.com.br\/?p=142913"},"modified":"2019-07-01T17:42:46","modified_gmt":"2019-07-01T20:42:46","slug":"pais-registra-superavit-de-us-2713-bi-no-primeiro-semestre","status":"publish","type":"post","link":"https:\/\/diarioregionaldigital.com.br\/?p=142913","title":{"rendered":"Pa\u00eds registra super\u00e1vit de US$ 27,13 bi no primeiro semestre"},"content":{"rendered":"<p>A queda do pre\u00e7o de v\u00e1rias commodities (bens prim\u00e1rios com cota\u00e7\u00e3o internacional) exportadas e o leve crescimento das importa\u00e7\u00f5es fizeram o saldo da balan\u00e7a comercial diminuir no primeiro semestre, em rela\u00e7\u00e3o ao mesmo per\u00edodo do ano passado. Mesmo assim, foi o terceiro melhor da hist\u00f3ria para o primeiro semestre, de US$ 27,13 bilh\u00f5es, s\u00f3 perdendo para os seis primeiros meses de 2018 (US$ 30,02 bilh\u00f5es) e de 2017 (US$ 36,21 bilh\u00f5es). O super\u00e1vit \u00e9 9,6% inferior ao do mesmo per\u00edodo do ano passado.<\/p>\n<p>Em junho, o Brasil exportou US$ 5,02 bilh\u00f5es a mais do que comprou do exterior. Apesar da queda de 13,3% em rela\u00e7\u00e3o ao super\u00e1vit de junho do ano passado, o valor \u00e9 o terceiro melhor para o m\u00eas, inferior apenas ao registrado em junho de 2018 (US$ 5,79 bilh\u00f5es) e de 2017 (US$ 7,18 bilh\u00f5es).<\/p>\n<h2>Commodities<\/h2>\n<p>Depois de fechar 2018 com super\u00e1vit de US$ 58,959 bilh\u00f5es, a balan\u00e7a comercial registrou recuo no primeiro semestre, provocado, principalmente, pelo desempenho das exporta\u00e7\u00f5es, que ca\u00edram 1,8% pela m\u00e9dia di\u00e1ria, somando US$ 110,89 bilh\u00f5es nos seis primeiros meses do ano. A alta, de acordo com a Secretaria Especial de Com\u00e9rcio Exterior do Minist\u00e9rio da Economia, decorreu principalmente da queda m\u00e9dia de 3,33% dos pre\u00e7os das mercadorias exportadas, o que n\u00e3o compensou o aumento de 1,58% no volume embarcado.<\/p>\n<p>Na agropecu\u00e1ria, o pre\u00e7o m\u00e9dio das mercadorias exportadas caiu 10,9%, contra queda m\u00e9dia de 4,7% no pre\u00e7o dos bens da ind\u00fastria de transforma\u00e7\u00e3o. Apenas os pre\u00e7os da ind\u00fastria extrativa, beneficiados principalmente pela alta do petr\u00f3leo no mercado internacional, registraram alta m\u00e9dia de 5,1%.<\/p>\n<p>As importa\u00e7\u00f5es, em contrapartida, aumentaram. No primeiro semestre, o pa\u00eds comprou do exterior US$ 83,76 bilh\u00f5es, valor 0,8% superior ao registrado no mesmo per\u00edodo do ano passado. As compras de bens de capital (m\u00e1quinas e equipamentos usados na produ\u00e7\u00e3o) subiram 5,4% de janeiro a junho. As aquisi\u00e7\u00f5es de bens intermedi\u00e1rios aumentaram 1,9%.<\/p>\n<p>O pre\u00e7o m\u00e9dio das mercadorias importadas caiu 5,92% no primeiro semestre, mas a quantidade comprada do exterior aumentou 7,14%.<\/p>\n<h2>Estimativa para 2019<\/h2>\n<p>Depois de o saldo da balan\u00e7a comercial ter encerrado 2018 em US$ 58,959 bilh\u00f5es, o segundo maior resultado positivo da hist\u00f3ria, o mercado estima um super\u00e1vit menor em 2019. Segundo o boletim Focus, pesquisa semanal com institui\u00e7\u00f5es financeiras divulgada pelo Banco Central, os analistas de mercado preveem super\u00e1vit de US$ 50,8 bilh\u00f5es para este ano. At\u00e9 o m\u00eas passado, o Minist\u00e9rio da Economia projetava super\u00e1vit de US$ 50,1 bilh\u00f5es para o saldo da balan\u00e7a comercial em 2019.<\/p>\n<p>Fonte: Ag\u00eancia Brasil<\/p>\n","protected":false},"excerpt":{"rendered":"<p>A queda do pre\u00e7o de v\u00e1rias commodities (bens prim\u00e1rios com cota\u00e7\u00e3o internacional) exportadas e o leve crescimento das importa\u00e7\u00f5es fizeram o saldo da balan\u00e7a comercial diminuir no primeiro semestre, em rela\u00e7\u00e3o ao mesmo per\u00edodo do ano passado. Mesmo assim, foi o terceiro melhor da hist\u00f3ria para o primeiro semestre, de US$ 27,13 bilh\u00f5es, s\u00f3 perdendo [&hellip;]<\/p>\n","protected":false},"author":96,"featured_media":105072,"comment_status":"closed","ping_status":"closed","sticky":false,"template":"","format":"standard","meta":{"footnotes":""},"categories":[436,261,439],"tags":[],"class_list":["post-142913","post","type-post","status-publish","format-standard","has-post-thumbnail","hentry","category-destaque-da-semana","category-economia","category-ultima-hora"],"_links":{"self":[{"href":"https:\/\/diarioregionaldigital.com.br\/index.php?rest_route=\/wp\/v2\/posts\/142913","targetHints":{"allow":["GET"]}}],"collection":[{"href":"https:\/\/diarioregionaldigital.com.br\/index.php?rest_route=\/wp\/v2\/posts"}],"about":[{"href":"https:\/\/diarioregionaldigital.com.br\/index.php?rest_route=\/wp\/v2\/types\/post"}],"author":[{"embeddable":true,"href":"https:\/\/diarioregionaldigital.com.br\/index.php?rest_route=\/wp\/v2\/users\/96"}],"replies":[{"embeddable":true,"href":"https:\/\/diarioregionaldigital.com.br\/index.php?rest_route=%2Fwp%2Fv2%2Fcomments&post=142913"}],"version-history":[{"count":0,"href":"https:\/\/diarioregionaldigital.com.br\/index.php?rest_route=\/wp\/v2\/posts\/142913\/revisions"}],"wp:featuredmedia":[{"embeddable":true,"href":"https:\/\/diarioregionaldigital.com.br\/index.php?rest_route=\/wp\/v2\/media\/105072"}],"wp:attachment":[{"href":"https:\/\/diarioregionaldigital.com.br\/index.php?rest_route=%2Fwp%2Fv2%2Fmedia&parent=142913"}],"wp:term":[{"taxonomy":"category","embeddable":true,"href":"https:\/\/diarioregionaldigital.com.br\/index.php?rest_route=%2Fwp%2Fv2%2Fcategories&post=142913"},{"taxonomy":"post_tag","embeddable":true,"href":"https:\/\/diarioregionaldigital.com.br\/index.php?rest_route=%2Fwp%2Fv2%2Ftags&post=142913"}],"curies":[{"name":"wp","href":"https:\/\/api.w.org\/{rel}","templated":true}]}}