{"id":142902,"date":"2019-07-01T16:17:04","date_gmt":"2019-07-01T19:17:04","guid":{"rendered":"https:\/\/diarioregionaldigital.com.br\/?p=142902"},"modified":"2019-07-01T16:17:04","modified_gmt":"2019-07-01T19:17:04","slug":"relatorio-da-cpi-de-brumadinho-pede-indiciamento-de-14-pessoas","status":"publish","type":"post","link":"https:\/\/diarioregionaldigital.com.br\/?p=142902","title":{"rendered":"Relat\u00f3rio da CPI de Brumadinho pede indiciamento de 14 pessoas"},"content":{"rendered":"<p>Depois de quase 120 dias de trabalho e 18 audi\u00eancias, o indiciamento de 14 pessoas, entre elas, executivos da Vale, \u00e9 um dos pontos do relat\u00f3rio da Comiss\u00e3o Parlamentar de Inqu\u00e9rito (CPI) do Senado que investigou o rompimento da barragem de Brumadinho, em Minas Gerais.<\/p>\n<p>Al\u00e9m dos indiciamentos, o relator, senador Carlos Viana (PSD-MG), adiantou hoje (1\u00ba), em Bras\u00edlia, que o documento tamb\u00e9m vai sugerir tr\u00eas projetos que tratam de crimes ambientais, da seguran\u00e7a de barragens de rejeitos e da tributa\u00e7\u00e3o da explora\u00e7\u00e3o de min\u00e9rios no pa\u00eds.<\/p>\n<p>Tal como cobrado dos representantes da Vale pelos senadores, o fim das barragens de res\u00edduos no pa\u00eds e a defini\u00e7\u00e3o do valor para o pagamento de indeniza\u00e7\u00f5es tamb\u00e9m ser\u00e3o apontados no relat\u00f3rio.<\/p>\n<p>Os senadores tamb\u00e9m querem que a Ag\u00eancia Nacional de Minera\u00e7\u00e3o (ANM) contrate uma empresa para fazer os laudos de estabilidade das barragens. Hoje, as pr\u00f3prias mineradoras contratam esse servi\u00e7o.<\/p>\n<h2>Tramita\u00e7\u00e3o<\/h2>\n<p>A expectativa \u00e9 de que amanh\u00e3 (2) o relat\u00f3rio seja lido, sendo aberto prazo para vista coletiva, mais tempo para os senadores analisarem o documento. Na ter\u00e7a (9), ser\u00e1 votado no colegiado.<\/p>\n<h2>Hist\u00f3rico<\/h2>\n<p>O rompimento da barragem de C\u00f3rrego do Feij\u00e3o em janeiro deste ano deixou pelo menos 246 mortos e 24 desaparecidos.<\/p>\n<p>Fonte: Ag\u00eancia Brasil<\/p>\n","protected":false},"excerpt":{"rendered":"<p>Depois de quase 120 dias de trabalho e 18 audi\u00eancias, o indiciamento de 14 pessoas, entre elas, executivos da Vale, \u00e9 um dos pontos do relat\u00f3rio da Comiss\u00e3o Parlamentar de Inqu\u00e9rito (CPI) do Senado que investigou o rompimento da barragem de Brumadinho, em Minas Gerais. Al\u00e9m dos indiciamentos, o relator, senador Carlos Viana (PSD-MG), adiantou [&hellip;]<\/p>\n","protected":false},"author":96,"featured_media":142911,"comment_status":"closed","ping_status":"closed","sticky":false,"template":"","format":"standard","meta":{"footnotes":""},"categories":[436,254,252,439],"tags":[],"class_list":["post-142902","post","type-post","status-publish","format-standard","has-post-thumbnail","hentry","category-destaque-da-semana","category-politica","category-regiao","category-ultima-hora"],"_links":{"self":[{"href":"https:\/\/diarioregionaldigital.com.br\/index.php?rest_route=\/wp\/v2\/posts\/142902","targetHints":{"allow":["GET"]}}],"collection":[{"href":"https:\/\/diarioregionaldigital.com.br\/index.php?rest_route=\/wp\/v2\/posts"}],"about":[{"href":"https:\/\/diarioregionaldigital.com.br\/index.php?rest_route=\/wp\/v2\/types\/post"}],"author":[{"embeddable":true,"href":"https:\/\/diarioregionaldigital.com.br\/index.php?rest_route=\/wp\/v2\/users\/96"}],"replies":[{"embeddable":true,"href":"https:\/\/diarioregionaldigital.com.br\/index.php?rest_route=%2Fwp%2Fv2%2Fcomments&post=142902"}],"version-history":[{"count":0,"href":"https:\/\/diarioregionaldigital.com.br\/index.php?rest_route=\/wp\/v2\/posts\/142902\/revisions"}],"wp:featuredmedia":[{"embeddable":true,"href":"https:\/\/diarioregionaldigital.com.br\/index.php?rest_route=\/wp\/v2\/media\/142911"}],"wp:attachment":[{"href":"https:\/\/diarioregionaldigital.com.br\/index.php?rest_route=%2Fwp%2Fv2%2Fmedia&parent=142902"}],"wp:term":[{"taxonomy":"category","embeddable":true,"href":"https:\/\/diarioregionaldigital.com.br\/index.php?rest_route=%2Fwp%2Fv2%2Fcategories&post=142902"},{"taxonomy":"post_tag","embeddable":true,"href":"https:\/\/diarioregionaldigital.com.br\/index.php?rest_route=%2Fwp%2Fv2%2Ftags&post=142902"}],"curies":[{"name":"wp","href":"https:\/\/api.w.org\/{rel}","templated":true}]}}