{"id":142896,"date":"2019-07-01T15:15:14","date_gmt":"2019-07-01T18:15:14","guid":{"rendered":"https:\/\/diarioregionaldigital.com.br\/?p=142896"},"modified":"2019-07-01T15:15:14","modified_gmt":"2019-07-01T18:15:14","slug":"jf-paralimpicoconquista-podios-feminino-e-masculino-por-equipe-pcd","status":"publish","type":"post","link":"https:\/\/diarioregionaldigital.com.br\/?p=142896","title":{"rendered":"\u201cJF Paral\u00edmpico\u201dconquista p\u00f3dios feminino e masculino por equipe PCD"},"content":{"rendered":"<p>O primeiro semestre finalizou com muita festa para os atletas do Programa \u201cJF Paral\u00edmpico\u201d, na modalidade atletismo. Eles conquistaram os trof\u00e9us por equipes de pessoas com defici\u00eancia (PCD), tanto no feminino, quanto no masculino, na \u201c4\u00aa Corrida Mexa-se pela Vida\u201d, correspondente \u00e0 sexta etapa do \u201c33\u00ba Ranking de Corridas de Rua\u201d, organizado pela Secretaria de Esporte e Lazer (SEL), da Prefeitura de Juiz de Fora (PJF). A prova aconteceu na manh\u00e3 do domingo, 30. Enquanto as meninas venceram outras provas, esta foi a primeira vez que os homens subiram ao p\u00f3dio este ano.<\/p>\n<p>O Programa \u201cJF Paral\u00edmpico\u201d oferece turmas de atletismo para pessoas com diversos tipos de defici\u00eancia. A professora Celia Claveland refor\u00e7a que a socializa\u00e7\u00e3o e a atividade f\u00edsica trazem diversos benef\u00edcios para os alunos e alunas: \u201cO esporte melhora a agilidade, a for\u00e7a muscular, o equil\u00edbrio, a resist\u00eancia f\u00edsica, a coordena\u00e7\u00e3o motora, entre outros benef\u00edcios f\u00edsicos. Al\u00e9m disso, contribui para o lazer, a reabilita\u00e7\u00e3o e preven\u00e7\u00e3o de doen\u00e7as. O objetivo inicial \u00e9 melhorar o condicionamento f\u00edsico geral, e, caso se interesse, o aluno pode come\u00e7ar a participar das competi\u00e7\u00f5es, de forma saud\u00e1vel e prazerosa\u201d.<\/p>\n<p><b>Programa \u201cJF Paral\u00edmpico\u201d<\/b><\/p>\n<p>Dirigido a pessoas com defici\u00eancia, \u00e9 promovido pela SEL, oferecendo modalidades esportivas, como atletismo, golbol, nata\u00e7\u00e3o, bocha, polybat (t\u00eanis de mesa adaptado) e futebol. O programa \u00e9 gratuito e busca a melhoria da qualidade de vida, levando bem-estar f\u00edsico e socializa\u00e7\u00e3o para os participantes. As inscri\u00e7\u00f5es podem ser feitas ao longo do ano, na sede da SEL, na Avenida Rui Barbosa, 530, Bairro Santa Terezinha. Para mais informa\u00e7\u00f5es sobre o \u201cJF Paral\u00edmpico\u201d, ligue 3690-7853.<\/p>\n<p>Fonte: PJF<\/p>\n","protected":false},"excerpt":{"rendered":"<p>O primeiro semestre finalizou com muita festa para os atletas do Programa \u201cJF Paral\u00edmpico\u201d, na modalidade atletismo. Eles conquistaram os trof\u00e9us por equipes de pessoas com defici\u00eancia (PCD), tanto no feminino, quanto no masculino, na \u201c4\u00aa Corrida Mexa-se pela Vida\u201d, correspondente \u00e0 sexta etapa do \u201c33\u00ba Ranking de Corridas de Rua\u201d, organizado pela Secretaria de [&hellip;]<\/p>\n","protected":false},"author":96,"featured_media":142897,"comment_status":"closed","ping_status":"closed","sticky":false,"template":"","format":"standard","meta":{"footnotes":""},"categories":[436,257,439],"tags":[],"class_list":["post-142896","post","type-post","status-publish","format-standard","has-post-thumbnail","hentry","category-destaque-da-semana","category-esporte","category-ultima-hora"],"_links":{"self":[{"href":"https:\/\/diarioregionaldigital.com.br\/index.php?rest_route=\/wp\/v2\/posts\/142896","targetHints":{"allow":["GET"]}}],"collection":[{"href":"https:\/\/diarioregionaldigital.com.br\/index.php?rest_route=\/wp\/v2\/posts"}],"about":[{"href":"https:\/\/diarioregionaldigital.com.br\/index.php?rest_route=\/wp\/v2\/types\/post"}],"author":[{"embeddable":true,"href":"https:\/\/diarioregionaldigital.com.br\/index.php?rest_route=\/wp\/v2\/users\/96"}],"replies":[{"embeddable":true,"href":"https:\/\/diarioregionaldigital.com.br\/index.php?rest_route=%2Fwp%2Fv2%2Fcomments&post=142896"}],"version-history":[{"count":0,"href":"https:\/\/diarioregionaldigital.com.br\/index.php?rest_route=\/wp\/v2\/posts\/142896\/revisions"}],"wp:featuredmedia":[{"embeddable":true,"href":"https:\/\/diarioregionaldigital.com.br\/index.php?rest_route=\/wp\/v2\/media\/142897"}],"wp:attachment":[{"href":"https:\/\/diarioregionaldigital.com.br\/index.php?rest_route=%2Fwp%2Fv2%2Fmedia&parent=142896"}],"wp:term":[{"taxonomy":"category","embeddable":true,"href":"https:\/\/diarioregionaldigital.com.br\/index.php?rest_route=%2Fwp%2Fv2%2Fcategories&post=142896"},{"taxonomy":"post_tag","embeddable":true,"href":"https:\/\/diarioregionaldigital.com.br\/index.php?rest_route=%2Fwp%2Fv2%2Ftags&post=142896"}],"curies":[{"name":"wp","href":"https:\/\/api.w.org\/{rel}","templated":true}]}}