{"id":142891,"date":"2019-07-01T14:30:12","date_gmt":"2019-07-01T17:30:12","guid":{"rendered":"https:\/\/diarioregionaldigital.com.br\/?p=142891"},"modified":"2019-07-01T14:30:12","modified_gmt":"2019-07-01T17:30:12","slug":"confianca-empresarial-tem-primeira-alta-desde-janeiro-diz-fgv","status":"publish","type":"post","link":"https:\/\/diarioregionaldigital.com.br\/?p=142891","title":{"rendered":"Confian\u00e7a empresarial tem primeira alta desde janeiro, diz FGV"},"content":{"rendered":"<p>O \u00cdndice de Confian\u00e7a Empresarial (ICE), medido pela Funda\u00e7\u00e3o Getulio Vargas (FGV) subiu 0,6 ponto de maio para junho deste ano e chegou a 92,6 pontos, em uma escala de zero a 200 pontos. De acordo com as informa\u00e7\u00f5es da FGV divulgadas hoje (1\u00ba)\u00a0 essa foi a primeira alta do indicador, que mede a confian\u00e7a de empres\u00e1rios da ind\u00fastria, servi\u00e7os, com\u00e9rcio e constru\u00e7\u00e3o, desde janeiro deste ano.<\/p>\n<p>A confian\u00e7a dos empres\u00e1rios no futuro, medida pelo \u00cdndice de Expectativas, subiu 1,1 ponto para 99,3 pontos. J\u00e1 a percep\u00e7\u00e3o sobre a situa\u00e7\u00e3o atual dos neg\u00f3cios, medida pelo \u00cdndice da Situa\u00e7\u00e3o Atual, subiu 0,3 ponto em junho, para 89,9 pontos.<\/p>\n<p>Entre os setores pesquisados, apenas a ind\u00fastria recuou: -1,5 ponto. Os demais setores tiveram alta na confian\u00e7a: servi\u00e7os (2,2 pontos), com\u00e9rcio (1,2 ponto) e constru\u00e7\u00e3o (2,1 pontos). Em junho, a confian\u00e7a avan\u00e7ou em 65% dos 49 segmentos que integram o ICE.<\/p>\n<p>De acordo com o pesquisador da FGV Aloisio Campelo Jr., a primeira alta desde janeiro deve ser interpretada como uma acomoda\u00e7\u00e3o e n\u00e3o como um marco de revers\u00e3o da tend\u00eancia declinante dos meses anteriores. Segundo ele, \u201csomente uma mudan\u00e7a no quadro atual, que combina n\u00edvel de atividade fraco e incerteza elevada, levar\u00e1 a uma recupera\u00e7\u00e3o consistente da confian\u00e7a\u201d.<\/p>\n<p>Fonte: Ag\u00eancia Brasil<\/p>\n","protected":false},"excerpt":{"rendered":"<p>O \u00cdndice de Confian\u00e7a Empresarial (ICE), medido pela Funda\u00e7\u00e3o Getulio Vargas (FGV) subiu 0,6 ponto de maio para junho deste ano e chegou a 92,6 pontos, em uma escala de zero a 200 pontos. De acordo com as informa\u00e7\u00f5es da FGV divulgadas hoje (1\u00ba)\u00a0 essa foi a primeira alta do indicador, que mede a confian\u00e7a [&hellip;]<\/p>\n","protected":false},"author":96,"featured_media":142892,"comment_status":"closed","ping_status":"closed","sticky":false,"template":"","format":"standard","meta":{"footnotes":""},"categories":[436,261,439],"tags":[],"class_list":["post-142891","post","type-post","status-publish","format-standard","has-post-thumbnail","hentry","category-destaque-da-semana","category-economia","category-ultima-hora"],"_links":{"self":[{"href":"https:\/\/diarioregionaldigital.com.br\/index.php?rest_route=\/wp\/v2\/posts\/142891","targetHints":{"allow":["GET"]}}],"collection":[{"href":"https:\/\/diarioregionaldigital.com.br\/index.php?rest_route=\/wp\/v2\/posts"}],"about":[{"href":"https:\/\/diarioregionaldigital.com.br\/index.php?rest_route=\/wp\/v2\/types\/post"}],"author":[{"embeddable":true,"href":"https:\/\/diarioregionaldigital.com.br\/index.php?rest_route=\/wp\/v2\/users\/96"}],"replies":[{"embeddable":true,"href":"https:\/\/diarioregionaldigital.com.br\/index.php?rest_route=%2Fwp%2Fv2%2Fcomments&post=142891"}],"version-history":[{"count":0,"href":"https:\/\/diarioregionaldigital.com.br\/index.php?rest_route=\/wp\/v2\/posts\/142891\/revisions"}],"wp:featuredmedia":[{"embeddable":true,"href":"https:\/\/diarioregionaldigital.com.br\/index.php?rest_route=\/wp\/v2\/media\/142892"}],"wp:attachment":[{"href":"https:\/\/diarioregionaldigital.com.br\/index.php?rest_route=%2Fwp%2Fv2%2Fmedia&parent=142891"}],"wp:term":[{"taxonomy":"category","embeddable":true,"href":"https:\/\/diarioregionaldigital.com.br\/index.php?rest_route=%2Fwp%2Fv2%2Fcategories&post=142891"},{"taxonomy":"post_tag","embeddable":true,"href":"https:\/\/diarioregionaldigital.com.br\/index.php?rest_route=%2Fwp%2Fv2%2Ftags&post=142891"}],"curies":[{"name":"wp","href":"https:\/\/api.w.org\/{rel}","templated":true}]}}