{"id":142885,"date":"2019-07-01T14:11:43","date_gmt":"2019-07-01T17:11:43","guid":{"rendered":"https:\/\/diarioregionaldigital.com.br\/?p=142885"},"modified":"2019-07-01T14:11:43","modified_gmt":"2019-07-01T17:11:43","slug":"sobre-protestos-toffoli-diz-que-ministros-do-stf-aguentam-critica","status":"publish","type":"post","link":"https:\/\/diarioregionaldigital.com.br\/?p=142885","title":{"rendered":"Sobre protestos, Toffoli diz que ministros do STF aguentam cr\u00edtica"},"content":{"rendered":"<p>Um dia depois de o Supremo Tribunal Federal (STF) ser alvo de cr\u00edticas em protestos de rua favor\u00e1veis ao governo de Jair Bolsonaro, ao ministro da Justi\u00e7a e Seguran\u00e7a P\u00fablica, Sergio Moro, e \u00e0 Lava Jato, o presidente da Corte afirmou que ele e seus colegas t\u00eam \u201ccouro\u201d suficiente para suportar as manifesta\u00e7\u00f5es negativas.<\/p>\n<p>\u201cTodos aqui t\u00eam couro suficiente para aguentar qualquer tipo de cr\u00edtica ou press\u00e3o\u201d, disse Toffoli ao ser questionado sobre o julgamento de processos que possam resultar na soltura do ex-presidente Luiz In\u00e1cio Lula da Silva, assunto recorrente nas manifesta\u00e7\u00f5es de rua contr\u00e1rias ao Supremo.<\/p>\n<p>Ele minimizou os protestos, avaliando terem ficado dentro daquilo que \u00e9 o razo\u00e1vel e parte da democracia. \u201cTemos uma cr\u00edtica no sentido de n\u00e3o ser t\u00e3o ofensiva, se amenizaram muito os ataques que havia ao Supremo, seja nas redes sociais, seja nos movimentos de rua\u201d, disse o presidente do STF. &#8220;Faz parte da democracia&#8221;.<\/p>\n<p>O ministro negou qualquer posterga\u00e7\u00e3o de a\u00e7\u00f5es que envolvam Lula. \u201cOs casos [sobre Lula] que vierem v\u00e3o ser julgados\u201d, disse Toffoli. \u201cA quest\u00e3o se vai ser solto ou n\u00e3o vai ser solto, essa n\u00e3o \u00e9 uma quest\u00e3o que est\u00e1 colocada na pauta do Supremo Tribunal Federal (STF), essa \u00e9 uma quest\u00e3o que vai ser definida no caso concreto\u201d, acrescentou.<\/p>\n<h2>Segunda inst\u00e2ncia<\/h2>\n<p>Um dos temas a serem julgados pelo Supremo e que pode ter impacto na situa\u00e7\u00e3o de Lula \u00e9 a pris\u00e3o ap\u00f3s condena\u00e7\u00e3o em segunda inst\u00e2ncia da Justi\u00e7a, que pode vir a ser analisada ainda neste ano, confirmou Toffoli.<\/p>\n<p>O assunto n\u00e3o consta na agenda pr\u00e9via do segundo semestre, divulgada pelo Supremo, mas segundo Toffoli, \u201ch\u00e1 janelas\u201d em que o julgamento pode ser encaixado.<\/p>\n<p>\u201cA princ\u00edpio n\u00e3o. Por enquanto n\u00e3o tem, mas h\u00e1 janelas colocadas. \u00c9 poss\u00edvel, \u00e9 poss\u00edvel\u201d, disse ao ser indagado sobre a probabilidade de o tema ser analisado ainda este ano.<\/p>\n<p>Lula est\u00e1 preso desde 7 de abril do ano passado, ap\u00f3s ter sua condena\u00e7\u00e3o no caso do tr\u00edplex confirmada pelo Tribunal Regional Federal da 4\u00aa Regi\u00e3o (TRF4). Ap\u00f3s recorrer ao Superior Tribunal de Justi\u00e7a (STJ), ele teve a pena reduzida de 12 anos e um m\u00eas para oito anos e 10 meses de reclus\u00e3o.<\/p>\n<p>Fonte: Ag\u00eancia Brasil<\/p>\n","protected":false},"excerpt":{"rendered":"<p>Um dia depois de o Supremo Tribunal Federal (STF) ser alvo de cr\u00edticas em protestos de rua favor\u00e1veis ao governo de Jair Bolsonaro, ao ministro da Justi\u00e7a e Seguran\u00e7a P\u00fablica, Sergio Moro, e \u00e0 Lava Jato, o presidente da Corte afirmou que ele e seus colegas t\u00eam \u201ccouro\u201d suficiente para suportar as manifesta\u00e7\u00f5es negativas. \u201cTodos [&hellip;]<\/p>\n","protected":false},"author":96,"featured_media":142886,"comment_status":"closed","ping_status":"closed","sticky":false,"template":"","format":"standard","meta":{"footnotes":""},"categories":[436,254,439],"tags":[],"class_list":["post-142885","post","type-post","status-publish","format-standard","has-post-thumbnail","hentry","category-destaque-da-semana","category-politica","category-ultima-hora"],"_links":{"self":[{"href":"https:\/\/diarioregionaldigital.com.br\/index.php?rest_route=\/wp\/v2\/posts\/142885","targetHints":{"allow":["GET"]}}],"collection":[{"href":"https:\/\/diarioregionaldigital.com.br\/index.php?rest_route=\/wp\/v2\/posts"}],"about":[{"href":"https:\/\/diarioregionaldigital.com.br\/index.php?rest_route=\/wp\/v2\/types\/post"}],"author":[{"embeddable":true,"href":"https:\/\/diarioregionaldigital.com.br\/index.php?rest_route=\/wp\/v2\/users\/96"}],"replies":[{"embeddable":true,"href":"https:\/\/diarioregionaldigital.com.br\/index.php?rest_route=%2Fwp%2Fv2%2Fcomments&post=142885"}],"version-history":[{"count":0,"href":"https:\/\/diarioregionaldigital.com.br\/index.php?rest_route=\/wp\/v2\/posts\/142885\/revisions"}],"wp:featuredmedia":[{"embeddable":true,"href":"https:\/\/diarioregionaldigital.com.br\/index.php?rest_route=\/wp\/v2\/media\/142886"}],"wp:attachment":[{"href":"https:\/\/diarioregionaldigital.com.br\/index.php?rest_route=%2Fwp%2Fv2%2Fmedia&parent=142885"}],"wp:term":[{"taxonomy":"category","embeddable":true,"href":"https:\/\/diarioregionaldigital.com.br\/index.php?rest_route=%2Fwp%2Fv2%2Fcategories&post=142885"},{"taxonomy":"post_tag","embeddable":true,"href":"https:\/\/diarioregionaldigital.com.br\/index.php?rest_route=%2Fwp%2Fv2%2Ftags&post=142885"}],"curies":[{"name":"wp","href":"https:\/\/api.w.org\/{rel}","templated":true}]}}