{"id":142878,"date":"2019-06-29T13:40:47","date_gmt":"2019-06-29T16:40:47","guid":{"rendered":"https:\/\/diarioregionaldigital.com.br\/?p=142878"},"modified":"2019-06-29T13:40:47","modified_gmt":"2019-06-29T16:40:47","slug":"lideres-mundiais-em-osaka-anunciam-acordo-do-clima-191","status":"publish","type":"post","link":"https:\/\/diarioregionaldigital.com.br\/?p=142878","title":{"rendered":"L\u00edderes mundiais em Osaka anunciam acordo do clima 19+1"},"content":{"rendered":"<p>No contexto da c\u00fapula do G20, os l\u00edderes das principais economias mundiais acordaram neste s\u00e1bado (29\/06) em fechar um pacto sobre a mudan\u00e7a clim\u00e1tica, semelhante ao firmado em 2018.<\/p>\n<p>&#8220;Teremos um texto semelhante ao da Argentina, uma declara\u00e7\u00e3o 19+1&#8221;, informou a chefe de governo da Alemanha, Angela Merkel, a rep\u00f3rteres reunidos em Osaka, aludindo tamb\u00e9m ao fato de que, mais uma vez, os Estados Unidos se recusam a participar.<\/p>\n<p>O pa\u00eds alega aceitar a determina\u00e7\u00e3o dos demais 19 membros do grupo em combater a mudan\u00e7a clim\u00e1tica, por\u00e9m sem se comprometer, acrescentou Merkel.<\/p>\n<p>O primeiro-ministro do Jap\u00e3o, Shinzo Abe, confirmou que os l\u00edderes haviam encontrado campo comum na prote\u00e7\u00e3o clim\u00e1tica, apesar de &#8220;grandes diferen\u00e7as&#8221; em suas vis\u00f5es. Por outro lado, todos os 20 confirmaram a necessidade de uma pol\u00edtica comercial livre, justa e n\u00e3o discriminat\u00f3ria.<\/p>\n<p>&#8220;A economia global continua a enfrentar riscos de preju\u00edzos enquanto persistem as tens\u00f5es comerciais&#8221;, comentou o premi\u00ea. &#8220;Os l\u00edderes do G20 acordaram quanto \u00e0 necessidade de os pa\u00edses-membros impulsionarem um forte crescimento econ\u00f4mico global&#8221; e, ao mesmo tempo, de estar de prontid\u00e3o para adotar novas a\u00e7\u00f5es, se for preciso.<\/p>\n<p>Abe mencionou ter enfatizado aos presidentes americano, Donald Trump, e chin\u00eas, Xi Jinping, a extrema import\u00e2ncia de se empenharem em discuss\u00f5es construtivas, a fim de resolver suas tens\u00f5es comerciais.<\/p>\n<p>Em seguida \u00e0s delibera\u00e7\u00f5es conjuntas, o ministro chin\u00eas do Exterior, Wang Yi, declarou numa coletiva de imprensa ao lado do secret\u00e1rio-geral da ONU, Ant\u00f3nio Guterres: &#8220;A nosso ver, a mudan\u00e7a clim\u00e1tica determinar\u00e1 o destino da humanidade, portanto \u00e9 imperativo que nossa gera\u00e7\u00e3o fa\u00e7a as escolhas corretas.&#8221;<\/p>\n<p>A chanceler federal alem\u00e3 louvou o Acordo do Clima firmado em 2016 em Paris, frisando que &#8220;esse processo n\u00e3o pode ser revertido&#8221;. Al\u00e9m disso, alguns dos l\u00edderes presentes em Osaka teriam expressado disposi\u00e7\u00e3o de incrementar seus esfor\u00e7os para reduzir os gases-estufa, visando &#8220;emiss\u00f5es zero&#8221; at\u00e9 2050.<\/p>\n<p>No encontro anterior do G20, em Buenos Aires, a maior parte dos pa\u00edses participantes reafirmara seu respaldo ao decisivo Acordo de Paris para o enfrentamento da mudan\u00e7a clim\u00e1tica global, declarando-o &#8220;irrevers\u00edvel&#8221; e comprometendo-se a sua &#8220;implementa\u00e7\u00e3o integral&#8221;.<\/p>\n<p>Os EUA, por\u00e9m, representados por Trump, retiraram-se do Acordo de Paris, afirmando &#8220;seu forte comprometimento com o crescimento econ\u00f4mico e acesso e seguran\u00e7a em rela\u00e7\u00e3o \u00e0 energia&#8221;.<\/p>\n<p>Fonte: Ag\u00eancia Brasil<\/p>\n","protected":false},"excerpt":{"rendered":"<p>No contexto da c\u00fapula do G20, os l\u00edderes das principais economias mundiais acordaram neste s\u00e1bado (29\/06) em fechar um pacto sobre a mudan\u00e7a clim\u00e1tica, semelhante ao firmado em 2018. &#8220;Teremos um texto semelhante ao da Argentina, uma declara\u00e7\u00e3o 19+1&#8221;, informou a chefe de governo da Alemanha, Angela Merkel, a rep\u00f3rteres reunidos em Osaka, aludindo tamb\u00e9m [&hellip;]<\/p>\n","protected":false},"author":96,"featured_media":142879,"comment_status":"closed","ping_status":"closed","sticky":false,"template":"","format":"standard","meta":{"footnotes":""},"categories":[302,436,439],"tags":[],"class_list":["post-142878","post","type-post","status-publish","format-standard","has-post-thumbnail","hentry","category-brasil-mundo","category-destaque-da-semana","category-ultima-hora"],"_links":{"self":[{"href":"https:\/\/diarioregionaldigital.com.br\/index.php?rest_route=\/wp\/v2\/posts\/142878","targetHints":{"allow":["GET"]}}],"collection":[{"href":"https:\/\/diarioregionaldigital.com.br\/index.php?rest_route=\/wp\/v2\/posts"}],"about":[{"href":"https:\/\/diarioregionaldigital.com.br\/index.php?rest_route=\/wp\/v2\/types\/post"}],"author":[{"embeddable":true,"href":"https:\/\/diarioregionaldigital.com.br\/index.php?rest_route=\/wp\/v2\/users\/96"}],"replies":[{"embeddable":true,"href":"https:\/\/diarioregionaldigital.com.br\/index.php?rest_route=%2Fwp%2Fv2%2Fcomments&post=142878"}],"version-history":[{"count":0,"href":"https:\/\/diarioregionaldigital.com.br\/index.php?rest_route=\/wp\/v2\/posts\/142878\/revisions"}],"wp:featuredmedia":[{"embeddable":true,"href":"https:\/\/diarioregionaldigital.com.br\/index.php?rest_route=\/wp\/v2\/media\/142879"}],"wp:attachment":[{"href":"https:\/\/diarioregionaldigital.com.br\/index.php?rest_route=%2Fwp%2Fv2%2Fmedia&parent=142878"}],"wp:term":[{"taxonomy":"category","embeddable":true,"href":"https:\/\/diarioregionaldigital.com.br\/index.php?rest_route=%2Fwp%2Fv2%2Fcategories&post=142878"},{"taxonomy":"post_tag","embeddable":true,"href":"https:\/\/diarioregionaldigital.com.br\/index.php?rest_route=%2Fwp%2Fv2%2Ftags&post=142878"}],"curies":[{"name":"wp","href":"https:\/\/api.w.org\/{rel}","templated":true}]}}