{"id":142875,"date":"2019-06-29T13:35:51","date_gmt":"2019-06-29T16:35:51","guid":{"rendered":"https:\/\/diarioregionaldigital.com.br\/?p=142875"},"modified":"2019-06-29T13:35:51","modified_gmt":"2019-06-29T16:35:51","slug":"g20-alerta-para-riscos-ao-crescimento-global-por-tensoes-geopoliticas","status":"publish","type":"post","link":"https:\/\/diarioregionaldigital.com.br\/?p=142875","title":{"rendered":"G20 alerta para riscos ao crescimento global por tens\u00f5es geopol\u00edticas"},"content":{"rendered":"<p>A vers\u00e3o final do documento com as conclus\u00f5es da c\u00fapula do G20, ocorrida em Osaka, no Jap\u00e3o, destaca que a recupera\u00e7\u00e3o do crescimento da economia global est\u00e1 amea\u00e7ada pela intensifica\u00e7\u00e3o de tens\u00f5es geopol\u00edticas e comerciais.<\/p>\n<p>O documento atesta que \u201co crescimento global parece estar se estabilizando, e se estima em geral uma recupera\u00e7\u00e3o moderada neste ano e em 2020\u201d, mas em seguida reconhece que \u201co crescimento continua baixo\u201d e que \u201cas tens\u00f5es geopol\u00edticas e comerciais se intensificaram\u201d. O texto afirma o compromisso dos l\u00edderes do G20 em \u201clidar com os riscos e manter-se de prontid\u00e3o para tomar novas atitudes\u201d.<\/p>\n<p>O texto reafirma tamb\u00e9m o \u201ccompromisso de usar todas as ferramentas pol\u00edticas para alcan\u00e7ar o crescimento forte, sustent\u00e1vel, equilibrado e inclusivo\u201d. Entre os desafios, foi citado o envelhecimento da popula\u00e7\u00e3o mundial, \u201ca exigir mudan\u00e7as estruturais em pol\u00edticas fiscais e trabalhistas\u201d.<\/p>\n<p>Sem citar a palavra \u201cprotecionismo\u201d, o documento frisa o compromisso por um mercado livre, justo e aberto entre os pa\u00edses.<\/p>\n<p>A reuni\u00e3o do G20 ocorreu em meio a uma guerra comercial entre os Estados Unidos e a China, o que tem afetado os mercados globais. Ap\u00f3s uma reuni\u00e3o entre os presidentes dos dois pa\u00edses, neste s\u00e1bado (29), ambos concordaram em retomar negocia\u00e7\u00f5es, numa aparente tr\u00e9gua na disputa tarif\u00e1ria.<\/p>\n<p>Outros temas de destaque no documento final do G20 foram a livre circula\u00e7\u00e3o de informa\u00e7\u00f5es entre os pa\u00edses, por meio da inova\u00e7\u00e3o digital; os investimentos em infraestrutura; o combate \u00e0 corrup\u00e7\u00e3o e o refor\u00e7o ao empoderamento das mulheres.<\/p>\n<p>\u201cA igualdade de g\u00eanero e o empoderamento das mulheres s\u00e3o essenciais para se alcan\u00e7ar um crescimento econ\u00f4mico sustent\u00e1vel e inclusivo\u201d, diz o documento.<\/p>\n<h2>Meio ambiente<\/h2>\n<p>Um dos temas de maior aten\u00e7\u00e3o ao longo da c\u00fapula do G20, o aquecimento global tamb\u00e9m teve grande destaque no documento final, que ressalta a busca por inova\u00e7\u00f5es que resultem na redu\u00e7\u00e3o das emiss\u00f5es de gases e a gera\u00e7\u00e3o de energia limpa.<\/p>\n<p>O texto reafirma o compromisso dos pa\u00edses do G20 em cumprir o Acordo de Paris relativo \u00e0s mudan\u00e7as clim\u00e1ticas. Em um de seus par\u00e1grafos, por\u00e9m, o documento final atesta a posi\u00e7\u00e3o dos Estados Unidos de se retirar do acordo, sob a alega\u00e7\u00e3o de que prejudica seus cidad\u00e3os, conforme decis\u00e3o tomada pelo presidente Donald Trump desde que assumiu o cargo, em 2016.<\/p>\n<p>Fonte: Ag\u00eancia Brasil<\/p>\n","protected":false},"excerpt":{"rendered":"<p>A vers\u00e3o final do documento com as conclus\u00f5es da c\u00fapula do G20, ocorrida em Osaka, no Jap\u00e3o, destaca que a recupera\u00e7\u00e3o do crescimento da economia global est\u00e1 amea\u00e7ada pela intensifica\u00e7\u00e3o de tens\u00f5es geopol\u00edticas e comerciais. O documento atesta que \u201co crescimento global parece estar se estabilizando, e se estima em geral uma recupera\u00e7\u00e3o moderada neste [&hellip;]<\/p>\n","protected":false},"author":96,"featured_media":142876,"comment_status":"closed","ping_status":"closed","sticky":false,"template":"","format":"standard","meta":{"footnotes":""},"categories":[302,436,439],"tags":[],"class_list":["post-142875","post","type-post","status-publish","format-standard","has-post-thumbnail","hentry","category-brasil-mundo","category-destaque-da-semana","category-ultima-hora"],"_links":{"self":[{"href":"https:\/\/diarioregionaldigital.com.br\/index.php?rest_route=\/wp\/v2\/posts\/142875","targetHints":{"allow":["GET"]}}],"collection":[{"href":"https:\/\/diarioregionaldigital.com.br\/index.php?rest_route=\/wp\/v2\/posts"}],"about":[{"href":"https:\/\/diarioregionaldigital.com.br\/index.php?rest_route=\/wp\/v2\/types\/post"}],"author":[{"embeddable":true,"href":"https:\/\/diarioregionaldigital.com.br\/index.php?rest_route=\/wp\/v2\/users\/96"}],"replies":[{"embeddable":true,"href":"https:\/\/diarioregionaldigital.com.br\/index.php?rest_route=%2Fwp%2Fv2%2Fcomments&post=142875"}],"version-history":[{"count":0,"href":"https:\/\/diarioregionaldigital.com.br\/index.php?rest_route=\/wp\/v2\/posts\/142875\/revisions"}],"wp:featuredmedia":[{"embeddable":true,"href":"https:\/\/diarioregionaldigital.com.br\/index.php?rest_route=\/wp\/v2\/media\/142876"}],"wp:attachment":[{"href":"https:\/\/diarioregionaldigital.com.br\/index.php?rest_route=%2Fwp%2Fv2%2Fmedia&parent=142875"}],"wp:term":[{"taxonomy":"category","embeddable":true,"href":"https:\/\/diarioregionaldigital.com.br\/index.php?rest_route=%2Fwp%2Fv2%2Fcategories&post=142875"},{"taxonomy":"post_tag","embeddable":true,"href":"https:\/\/diarioregionaldigital.com.br\/index.php?rest_route=%2Fwp%2Fv2%2Ftags&post=142875"}],"curies":[{"name":"wp","href":"https:\/\/api.w.org\/{rel}","templated":true}]}}