{"id":142872,"date":"2019-06-29T12:17:43","date_gmt":"2019-06-29T15:17:43","guid":{"rendered":"https:\/\/diarioregionaldigital.com.br\/?p=142872"},"modified":"2019-06-29T12:17:43","modified_gmt":"2019-06-29T15:17:43","slug":"peru-e-uruguai-decidem-ultimo-semifinalista-da-copa-america","status":"publish","type":"post","link":"https:\/\/diarioregionaldigital.com.br\/?p=142872","title":{"rendered":"Peru e Uruguai decidem \u00faltimo semifinalista da Copa Am\u00e9rica"},"content":{"rendered":"<p>As sele\u00e7\u00f5es peruana e uruguaia disputam hoje \u00e0 tarde (29) na Fonte Nova, em Salvador, a \u00faltima vaga para as semifinais da Copa Am\u00e9rica. O vencedor vai se juntar \u00e0s sele\u00e7\u00f5es do Brasil, Argentina e Chile. As semifinais come\u00e7am na pr\u00f3xima ter\u00e7a-feira, com Brasil e Argentina, no Mineir\u00e3o.<\/p>\n<p>Os uruguaios podem ser considerados favoritos. Afinal, se classificaram em primeiro lugar pelo Grupo C. T\u00eam sete gols a favor e apenas dois contra. A dupla de ataque, Cavani e Luiz Suarez, est\u00e3o entre os goleadores da competi\u00e7\u00e3o, com dois tentos cada.<\/p>\n<p>O meia Nand\u00e9z deve voltar ao time titular, no lugar de Lodeiro. E o jogador do Flamengo, Arrascaeta, deve come\u00e7ar jogando.<\/p>\n<p>J\u00e1 os peruanos entraram pelo crit\u00e9rio de \u201cmelhor terceiro lugar\u201d. E tentam se recuperar da goleada de 5 a 0, que sofreram para os brasileiros na fase de grupos. A sele\u00e7\u00e3o conta com o astro Paolo Guerrero, centroavante do Internacional de Porto Alegre, para passar para a pr\u00f3xima fase.<\/p>\n<p>Os peruanos devem sofrer duas altera\u00e7\u00f5es para o confronto. O zagueiro Zambrano est\u00e1 recuperado de les\u00e3o, e Flores deve substituir Farf\u00e1n, machucado.<\/p>\n<p>Pela retrospectiva, os uruguaios venceram 12 dos 20 confrontos entre as duas sele\u00e7\u00f5es pela Copa Am\u00e9rica. A \u00faltima conquista dos peruanos foi em 1949, quando venceram os uruguaios por 4 a 3 pelo torneio continental.<\/p>\n<p>O \u00faltimo t\u00edtulo da Copa Am\u00e9rica dos uruguaios foi em 2011. J\u00e1 os peruanos se sagraram campe\u00f5es da competi\u00e7\u00e3o em 1975<br \/>\nFonte: Ag\u00eancia Brasil<\/p>\n","protected":false},"excerpt":{"rendered":"<p>As sele\u00e7\u00f5es peruana e uruguaia disputam hoje \u00e0 tarde (29) na Fonte Nova, em Salvador, a \u00faltima vaga para as semifinais da Copa Am\u00e9rica. O vencedor vai se juntar \u00e0s sele\u00e7\u00f5es do Brasil, Argentina e Chile. As semifinais come\u00e7am na pr\u00f3xima ter\u00e7a-feira, com Brasil e Argentina, no Mineir\u00e3o. Os uruguaios podem ser considerados favoritos. Afinal, [&hellip;]<\/p>\n","protected":false},"author":96,"featured_media":142873,"comment_status":"closed","ping_status":"closed","sticky":false,"template":"","format":"standard","meta":{"footnotes":""},"categories":[436,257,439],"tags":[],"class_list":["post-142872","post","type-post","status-publish","format-standard","has-post-thumbnail","hentry","category-destaque-da-semana","category-esporte","category-ultima-hora"],"_links":{"self":[{"href":"https:\/\/diarioregionaldigital.com.br\/index.php?rest_route=\/wp\/v2\/posts\/142872","targetHints":{"allow":["GET"]}}],"collection":[{"href":"https:\/\/diarioregionaldigital.com.br\/index.php?rest_route=\/wp\/v2\/posts"}],"about":[{"href":"https:\/\/diarioregionaldigital.com.br\/index.php?rest_route=\/wp\/v2\/types\/post"}],"author":[{"embeddable":true,"href":"https:\/\/diarioregionaldigital.com.br\/index.php?rest_route=\/wp\/v2\/users\/96"}],"replies":[{"embeddable":true,"href":"https:\/\/diarioregionaldigital.com.br\/index.php?rest_route=%2Fwp%2Fv2%2Fcomments&post=142872"}],"version-history":[{"count":0,"href":"https:\/\/diarioregionaldigital.com.br\/index.php?rest_route=\/wp\/v2\/posts\/142872\/revisions"}],"wp:featuredmedia":[{"embeddable":true,"href":"https:\/\/diarioregionaldigital.com.br\/index.php?rest_route=\/wp\/v2\/media\/142873"}],"wp:attachment":[{"href":"https:\/\/diarioregionaldigital.com.br\/index.php?rest_route=%2Fwp%2Fv2%2Fmedia&parent=142872"}],"wp:term":[{"taxonomy":"category","embeddable":true,"href":"https:\/\/diarioregionaldigital.com.br\/index.php?rest_route=%2Fwp%2Fv2%2Fcategories&post=142872"},{"taxonomy":"post_tag","embeddable":true,"href":"https:\/\/diarioregionaldigital.com.br\/index.php?rest_route=%2Fwp%2Fv2%2Ftags&post=142872"}],"curies":[{"name":"wp","href":"https:\/\/api.w.org\/{rel}","templated":true}]}}