{"id":142870,"date":"2019-06-29T10:40:55","date_gmt":"2019-06-29T13:40:55","guid":{"rendered":"https:\/\/diarioregionaldigital.com.br\/?p=142870"},"modified":"2019-06-29T10:40:55","modified_gmt":"2019-06-29T13:40:55","slug":"relatorio-final-da-cpi-de-brumadinho-sera-apresentado-na-terca-feira","status":"publish","type":"post","link":"https:\/\/diarioregionaldigital.com.br\/?p=142870","title":{"rendered":"Relat\u00f3rio final da CPI de Brumadinho ser\u00e1 apresentado na ter\u00e7a-feira"},"content":{"rendered":"<p>O relat\u00f3rio final da Comiss\u00e3o Parlamentar de Inqu\u00e9rito (CPI) que investiga o rompimento da barragem de Brumadinho, em Minas Gerais, ser\u00e1 apresentado nesta ter\u00e7a-feira (2) pelo senador Carlos Viana (PSD-MG).<\/p>\n<p>Viana vai pedir o indiciamento de 14 pessoas, entre elas, executivos da Mineradora Vale. A segunda parte do parecer sugere a vota\u00e7\u00e3o de tr\u00eas projetos que tratam de crimes ambientais, da seguran\u00e7a de barragens de rejeitos e da tributa\u00e7\u00e3o da explora\u00e7\u00e3o de min\u00e9rios no pa\u00eds.<\/p>\n<p>O fim das barragens de res\u00edduos no prazo de dez anos e a defini\u00e7\u00e3o do valor para o pagamento de indeniza\u00e7\u00f5es tamb\u00e9m ser\u00e3o apontados no relat\u00f3rio, que tem vota\u00e7\u00e3o prevista para o dia 9 de julho.<\/p>\n<div style=\"width: 870px\" class=\"wp-caption alignnone\"><img loading=\"lazy\" decoding=\"async\" src=\"https:\/\/www12.senado.leg.br\/noticias\/materias\/2019\/06\/28\/relatorio-final-da-cpi-de-brumadinho-sera-apresentado-nesta-terca-feira\/cpi-brum-20190604_02533s.jpg\/@@images\/image\/imagem_materia\" alt=\"CPI de Brumadinho (CPIBRUM) realiza audi\u00c3\u00aancia p\u00c3\u00bablica interativa com o secret\u00c3\u00a1rio de infraestrutura h\u00c3\u00addrica e de minera\u00c3\u00a7\u00c3\u00a3o do Tribunal de Contas da Uni\u00c3\u00a3o (TCU) e com o diretor de pesquisa em Engenharia e Educa\u00c3\u00a7\u00c3\u00a3o Continuada da Funda\u00c3\u00a7\u00c3\u00a3o Gorceix.  Mesa: presidente da CPIBRUM, senadora Rose de Freitas (Pode-ES); relator da CPIBRUM, senador Carlos Viana (PSD-MG).  Foto: Roque de S\u00c3\u00a1\/Ag\u00c3\u00aancia Senado\" width=\"860\" height=\"570\" \/><p class=\"wp-caption-text\">Foto: Roque de S\u00e1\/Ag\u00eancia Senado<\/p><\/div>\n<p>A reuni\u00e3o est\u00e1 marcada para as 13h, na sala 13 da Ala Senador Alexandre Costa. A presidente da CPI de Brumadinho \u00e9 a senadora Rose de Freitas (Podemos-ES).<\/p>\n","protected":false},"excerpt":{"rendered":"<p>O relat\u00f3rio final da Comiss\u00e3o Parlamentar de Inqu\u00e9rito (CPI) que investiga o rompimento da barragem de Brumadinho, em Minas Gerais, ser\u00e1 apresentado nesta ter\u00e7a-feira (2) pelo senador Carlos Viana (PSD-MG). Viana vai pedir o indiciamento de 14 pessoas, entre elas, executivos da Mineradora Vale. A segunda parte do parecer sugere a vota\u00e7\u00e3o de tr\u00eas projetos [&hellip;]<\/p>\n","protected":false},"author":96,"featured_media":132967,"comment_status":"closed","ping_status":"closed","sticky":false,"template":"","format":"standard","meta":{"footnotes":""},"categories":[436,252,439],"tags":[],"class_list":["post-142870","post","type-post","status-publish","format-standard","has-post-thumbnail","hentry","category-destaque-da-semana","category-regiao","category-ultima-hora"],"_links":{"self":[{"href":"https:\/\/diarioregionaldigital.com.br\/index.php?rest_route=\/wp\/v2\/posts\/142870","targetHints":{"allow":["GET"]}}],"collection":[{"href":"https:\/\/diarioregionaldigital.com.br\/index.php?rest_route=\/wp\/v2\/posts"}],"about":[{"href":"https:\/\/diarioregionaldigital.com.br\/index.php?rest_route=\/wp\/v2\/types\/post"}],"author":[{"embeddable":true,"href":"https:\/\/diarioregionaldigital.com.br\/index.php?rest_route=\/wp\/v2\/users\/96"}],"replies":[{"embeddable":true,"href":"https:\/\/diarioregionaldigital.com.br\/index.php?rest_route=%2Fwp%2Fv2%2Fcomments&post=142870"}],"version-history":[{"count":0,"href":"https:\/\/diarioregionaldigital.com.br\/index.php?rest_route=\/wp\/v2\/posts\/142870\/revisions"}],"wp:featuredmedia":[{"embeddable":true,"href":"https:\/\/diarioregionaldigital.com.br\/index.php?rest_route=\/wp\/v2\/media\/132967"}],"wp:attachment":[{"href":"https:\/\/diarioregionaldigital.com.br\/index.php?rest_route=%2Fwp%2Fv2%2Fmedia&parent=142870"}],"wp:term":[{"taxonomy":"category","embeddable":true,"href":"https:\/\/diarioregionaldigital.com.br\/index.php?rest_route=%2Fwp%2Fv2%2Fcategories&post=142870"},{"taxonomy":"post_tag","embeddable":true,"href":"https:\/\/diarioregionaldigital.com.br\/index.php?rest_route=%2Fwp%2Fv2%2Ftags&post=142870"}],"curies":[{"name":"wp","href":"https:\/\/api.w.org\/{rel}","templated":true}]}}