{"id":142853,"date":"2019-06-28T06:00:53","date_gmt":"2019-06-28T09:00:53","guid":{"rendered":"https:\/\/diarioregionaldigital.com.br\/?p=142853"},"modified":"2019-06-28T23:40:02","modified_gmt":"2019-06-29T02:40:02","slug":"associacao-artistica-e-cultural-coro-municipal-juiz-de-fora_28-06-2019","status":"publish","type":"post","link":"https:\/\/diarioregionaldigital.com.br\/?p=142853","title":{"rendered":"Associa\u00e7\u00e3o Art\u00edstica e Cultural Coro Municipal Juiz de Fora_28\/06\/2019"},"content":{"rendered":"<p><img loading=\"lazy\" decoding=\"async\" class=\"aligncenter wp-image-142854\" src=\"https:\/\/diarioregionaldigital.com.br\/wp-content\/uploads\/2019\/06\/Associa\u00e7\u00e3o-Art\u00edstica-e-Cultural-Coro-Municipal-Juiz-de-Fora-257x300.jpg\" alt=\"\" width=\"500\" height=\"584\" srcset=\"https:\/\/diarioregionaldigital.com.br\/wp-content\/uploads\/2019\/06\/Associa\u00e7\u00e3o-Art\u00edstica-e-Cultural-Coro-Municipal-Juiz-de-Fora-257x300.jpg 257w, https:\/\/diarioregionaldigital.com.br\/wp-content\/uploads\/2019\/06\/Associa\u00e7\u00e3o-Art\u00edstica-e-Cultural-Coro-Municipal-Juiz-de-Fora-768x897.jpg 768w, https:\/\/diarioregionaldigital.com.br\/wp-content\/uploads\/2019\/06\/Associa\u00e7\u00e3o-Art\u00edstica-e-Cultural-Coro-Municipal-Juiz-de-Fora-877x1024.jpg 877w, https:\/\/diarioregionaldigital.com.br\/wp-content\/uploads\/2019\/06\/Associa\u00e7\u00e3o-Art\u00edstica-e-Cultural-Coro-Municipal-Juiz-de-Fora-360x420.jpg 360w\" sizes=\"auto, (max-width: 500px) 100vw, 500px\" \/><\/p>\n","protected":false},"excerpt":{"rendered":"","protected":false},"author":96,"featured_media":0,"comment_status":"closed","ping_status":"closed","sticky":false,"template":"","format":"standard","meta":{"footnotes":""},"categories":[307],"tags":[],"class_list":["post-142853","post","type-post","status-publish","format-standard","hentry","category-editais"],"_links":{"self":[{"href":"https:\/\/diarioregionaldigital.com.br\/index.php?rest_route=\/wp\/v2\/posts\/142853","targetHints":{"allow":["GET"]}}],"collection":[{"href":"https:\/\/diarioregionaldigital.com.br\/index.php?rest_route=\/wp\/v2\/posts"}],"about":[{"href":"https:\/\/diarioregionaldigital.com.br\/index.php?rest_route=\/wp\/v2\/types\/post"}],"author":[{"embeddable":true,"href":"https:\/\/diarioregionaldigital.com.br\/index.php?rest_route=\/wp\/v2\/users\/96"}],"replies":[{"embeddable":true,"href":"https:\/\/diarioregionaldigital.com.br\/index.php?rest_route=%2Fwp%2Fv2%2Fcomments&post=142853"}],"version-history":[{"count":0,"href":"https:\/\/diarioregionaldigital.com.br\/index.php?rest_route=\/wp\/v2\/posts\/142853\/revisions"}],"wp:attachment":[{"href":"https:\/\/diarioregionaldigital.com.br\/index.php?rest_route=%2Fwp%2Fv2%2Fmedia&parent=142853"}],"wp:term":[{"taxonomy":"category","embeddable":true,"href":"https:\/\/diarioregionaldigital.com.br\/index.php?rest_route=%2Fwp%2Fv2%2Fcategories&post=142853"},{"taxonomy":"post_tag","embeddable":true,"href":"https:\/\/diarioregionaldigital.com.br\/index.php?rest_route=%2Fwp%2Fv2%2Ftags&post=142853"}],"curies":[{"name":"wp","href":"https:\/\/api.w.org\/{rel}","templated":true}]}}