{"id":142851,"date":"2019-06-30T06:00:32","date_gmt":"2019-06-30T09:00:32","guid":{"rendered":"https:\/\/diarioregionaldigital.com.br\/?p=142851"},"modified":"2019-06-28T23:42:16","modified_gmt":"2019-06-29T02:42:16","slug":"social-32","status":"publish","type":"post","link":"https:\/\/diarioregionaldigital.com.br\/?p=142851","title":{"rendered":"Social"},"content":{"rendered":"<p style=\"text-align: center;\"><strong><span style=\"font-size: 14pt;\">Social <\/span><\/strong><\/p>\n<p style=\"text-align: center;\">Em estilo \u00fanico, foi inaugurado o Espa\u00e7o Interativo Coworking na rua: Oscar Vidal n\u00ba 417. Os espa\u00e7os aconchegantes, sala de conviv\u00eancia e mini-audit\u00f3rio para palestras encantaram todos os presentes. A boa m\u00fasica de Pablo &amp; Ricardo, as flores da Floricultura Dois Amores, os queijos de Cozinhando com Techini, Choop do S\u00e3o Bartolomeu e o correto servi\u00e7o do Renato Gourmet fizeram contraponto com presen\u00e7a de convidados de empresas e faculdades ocupando as salas privativas. As fotos registram.<\/p>\n<div id=\"attachment_142840\" style=\"width: 690px\" class=\"wp-caption aligncenter\"><img loading=\"lazy\" decoding=\"async\" aria-describedby=\"caption-attachment-142840\" class=\"wp-image-142840\" src=\"https:\/\/diarioregionaldigital.com.br\/wp-content\/uploads\/2019\/06\/fotoa-15.jpg\" alt=\"\" width=\"680\" height=\"455\" srcset=\"https:\/\/diarioregionaldigital.com.br\/wp-content\/uploads\/2019\/06\/fotoa-15.jpg 1758w, https:\/\/diarioregionaldigital.com.br\/wp-content\/uploads\/2019\/06\/fotoa-15-300x201.jpg 300w, https:\/\/diarioregionaldigital.com.br\/wp-content\/uploads\/2019\/06\/fotoa-15-768x514.jpg 768w, https:\/\/diarioregionaldigital.com.br\/wp-content\/uploads\/2019\/06\/fotoa-15-1024x685.jpg 1024w, https:\/\/diarioregionaldigital.com.br\/wp-content\/uploads\/2019\/06\/fotoa-15-360x241.jpg 360w\" sizes=\"auto, (max-width: 680px) 100vw, 680px\" \/><p id=\"caption-attachment-142840\" class=\"wp-caption-text\">Alyssa Piazzi e a diretora financeira do Sircom, Fl\u00e1via Arag\u00e3o Platz<\/p><\/div>\n<div id=\"attachment_142842\" style=\"width: 690px\" class=\"wp-caption aligncenter\"><img loading=\"lazy\" decoding=\"async\" aria-describedby=\"caption-attachment-142842\" class=\"wp-image-142842\" src=\"https:\/\/diarioregionaldigital.com.br\/wp-content\/uploads\/2019\/06\/fotoc-17.jpg\" alt=\"\" width=\"680\" height=\"453\" srcset=\"https:\/\/diarioregionaldigital.com.br\/wp-content\/uploads\/2019\/06\/fotoc-17.jpg 1758w, https:\/\/diarioregionaldigital.com.br\/wp-content\/uploads\/2019\/06\/fotoc-17-300x200.jpg 300w, https:\/\/diarioregionaldigital.com.br\/wp-content\/uploads\/2019\/06\/fotoc-17-768x511.jpg 768w, https:\/\/diarioregionaldigital.com.br\/wp-content\/uploads\/2019\/06\/fotoc-17-1024x682.jpg 1024w, https:\/\/diarioregionaldigital.com.br\/wp-content\/uploads\/2019\/06\/fotoc-17-360x240.jpg 360w\" sizes=\"auto, (max-width: 680px) 100vw, 680px\" \/><p id=\"caption-attachment-142842\" class=\"wp-caption-text\">Michele Ferraz, Ros\u00e2ngelo Fernandes, Cl\u00e1udia Alvez da Silva<\/p><\/div>\n<div id=\"attachment_142841\" style=\"width: 690px\" class=\"wp-caption aligncenter\"><img loading=\"lazy\" decoding=\"async\" aria-describedby=\"caption-attachment-142841\" class=\"wp-image-142841\" src=\"https:\/\/diarioregionaldigital.com.br\/wp-content\/uploads\/2019\/06\/fotob-17.jpg\" alt=\"\" width=\"680\" height=\"451\" srcset=\"https:\/\/diarioregionaldigital.com.br\/wp-content\/uploads\/2019\/06\/fotob-17.jpg 1764w, https:\/\/diarioregionaldigital.com.br\/wp-content\/uploads\/2019\/06\/fotob-17-300x199.jpg 300w, https:\/\/diarioregionaldigital.com.br\/wp-content\/uploads\/2019\/06\/fotob-17-768x509.jpg 768w, https:\/\/diarioregionaldigital.com.br\/wp-content\/uploads\/2019\/06\/fotob-17-1024x679.jpg 1024w, https:\/\/diarioregionaldigital.com.br\/wp-content\/uploads\/2019\/06\/fotob-17-360x239.jpg 360w\" sizes=\"auto, (max-width: 680px) 100vw, 680px\" \/><p id=\"caption-attachment-142841\" class=\"wp-caption-text\">Yuri Rodrigues, Eder Bonin, Luiz Ant\u00f4nio Naresi J\u00fanior, Ronald Platz (Sircom)<\/p><\/div>\n<div id=\"attachment_142846\" style=\"width: 690px\" class=\"wp-caption aligncenter\"><img loading=\"lazy\" decoding=\"async\" aria-describedby=\"caption-attachment-142846\" class=\"wp-image-142846\" src=\"https:\/\/diarioregionaldigital.com.br\/wp-content\/uploads\/2019\/06\/fotog-17.jpg\" alt=\"\" width=\"680\" height=\"451\" srcset=\"https:\/\/diarioregionaldigital.com.br\/wp-content\/uploads\/2019\/06\/fotog-17.jpg 1764w, https:\/\/diarioregionaldigital.com.br\/wp-content\/uploads\/2019\/06\/fotog-17-300x199.jpg 300w, https:\/\/diarioregionaldigital.com.br\/wp-content\/uploads\/2019\/06\/fotog-17-768x509.jpg 768w, https:\/\/diarioregionaldigital.com.br\/wp-content\/uploads\/2019\/06\/fotog-17-1024x679.jpg 1024w, https:\/\/diarioregionaldigital.com.br\/wp-content\/uploads\/2019\/06\/fotog-17-360x239.jpg 360w\" sizes=\"auto, (max-width: 680px) 100vw, 680px\" \/><p id=\"caption-attachment-142846\" class=\"wp-caption-text\">Manoel Barros e Jane Arag\u00e3o<\/p><\/div>\n<div id=\"attachment_142843\" style=\"width: 690px\" class=\"wp-caption aligncenter\"><img loading=\"lazy\" decoding=\"async\" aria-describedby=\"caption-attachment-142843\" class=\"wp-image-142843\" src=\"https:\/\/diarioregionaldigital.com.br\/wp-content\/uploads\/2019\/06\/fotod-15.jpg\" alt=\"\" width=\"680\" height=\"449\" srcset=\"https:\/\/diarioregionaldigital.com.br\/wp-content\/uploads\/2019\/06\/fotod-15.jpg 1770w, https:\/\/diarioregionaldigital.com.br\/wp-content\/uploads\/2019\/06\/fotod-15-300x198.jpg 300w, https:\/\/diarioregionaldigital.com.br\/wp-content\/uploads\/2019\/06\/fotod-15-768x508.jpg 768w, https:\/\/diarioregionaldigital.com.br\/wp-content\/uploads\/2019\/06\/fotod-15-1024x677.jpg 1024w, https:\/\/diarioregionaldigital.com.br\/wp-content\/uploads\/2019\/06\/fotod-15-1440x950.jpg 1440w, https:\/\/diarioregionaldigital.com.br\/wp-content\/uploads\/2019\/06\/fotod-15-360x238.jpg 360w\" sizes=\"auto, (max-width: 680px) 100vw, 680px\" \/><p id=\"caption-attachment-142843\" class=\"wp-caption-text\">Colunista Eduardo Gomes e coiffeur Rosenberg Frizeiro<\/p><\/div>\n<div id=\"attachment_142844\" style=\"width: 690px\" class=\"wp-caption aligncenter\"><img loading=\"lazy\" decoding=\"async\" aria-describedby=\"caption-attachment-142844\" class=\"wp-image-142844\" src=\"https:\/\/diarioregionaldigital.com.br\/wp-content\/uploads\/2019\/06\/fotoe-18.jpg\" alt=\"\" width=\"680\" height=\"453\" srcset=\"https:\/\/diarioregionaldigital.com.br\/wp-content\/uploads\/2019\/06\/fotoe-18.jpg 1758w, https:\/\/diarioregionaldigital.com.br\/wp-content\/uploads\/2019\/06\/fotoe-18-300x200.jpg 300w, https:\/\/diarioregionaldigital.com.br\/wp-content\/uploads\/2019\/06\/fotoe-18-768x511.jpg 768w, https:\/\/diarioregionaldigital.com.br\/wp-content\/uploads\/2019\/06\/fotoe-18-1024x682.jpg 1024w, https:\/\/diarioregionaldigital.com.br\/wp-content\/uploads\/2019\/06\/fotoe-18-360x240.jpg 360w\" sizes=\"auto, (max-width: 680px) 100vw, 680px\" \/><p id=\"caption-attachment-142844\" class=\"wp-caption-text\">Jane Arag\u00e3o (presidente do Sircom), Marcelo Satto Maior e Ronald Platz<\/p><\/div>\n<div id=\"attachment_142845\" style=\"width: 690px\" class=\"wp-caption aligncenter\"><img loading=\"lazy\" decoding=\"async\" aria-describedby=\"caption-attachment-142845\" class=\"wp-image-142845\" src=\"https:\/\/diarioregionaldigital.com.br\/wp-content\/uploads\/2019\/06\/fotof-17.jpg\" alt=\"\" width=\"680\" height=\"451\" srcset=\"https:\/\/diarioregionaldigital.com.br\/wp-content\/uploads\/2019\/06\/fotof-17.jpg 1764w, https:\/\/diarioregionaldigital.com.br\/wp-content\/uploads\/2019\/06\/fotof-17-300x199.jpg 300w, https:\/\/diarioregionaldigital.com.br\/wp-content\/uploads\/2019\/06\/fotof-17-768x509.jpg 768w, https:\/\/diarioregionaldigital.com.br\/wp-content\/uploads\/2019\/06\/fotof-17-1024x679.jpg 1024w, https:\/\/diarioregionaldigital.com.br\/wp-content\/uploads\/2019\/06\/fotof-17-360x239.jpg 360w\" sizes=\"auto, (max-width: 680px) 100vw, 680px\" \/><p id=\"caption-attachment-142845\" class=\"wp-caption-text\">Maria Dornellas (Uninter) e o jornalista Rafael Rodrigues<\/p><\/div>\n<div id=\"attachment_142847\" style=\"width: 690px\" class=\"wp-caption aligncenter\"><img loading=\"lazy\" decoding=\"async\" aria-describedby=\"caption-attachment-142847\" class=\"wp-image-142847\" src=\"https:\/\/diarioregionaldigital.com.br\/wp-content\/uploads\/2019\/06\/fotoh-16.jpg\" alt=\"\" width=\"680\" height=\"452\" srcset=\"https:\/\/diarioregionaldigital.com.br\/wp-content\/uploads\/2019\/06\/fotoh-16.jpg 1770w, https:\/\/diarioregionaldigital.com.br\/wp-content\/uploads\/2019\/06\/fotoh-16-300x199.jpg 300w, https:\/\/diarioregionaldigital.com.br\/wp-content\/uploads\/2019\/06\/fotoh-16-768x510.jpg 768w, https:\/\/diarioregionaldigital.com.br\/wp-content\/uploads\/2019\/06\/fotoh-16-1024x680.jpg 1024w, https:\/\/diarioregionaldigital.com.br\/wp-content\/uploads\/2019\/06\/fotoh-16-360x239.jpg 360w\" sizes=\"auto, (max-width: 680px) 100vw, 680px\" \/><p id=\"caption-attachment-142847\" class=\"wp-caption-text\">A dupla sensa\u00e7\u00e3o Pablo &amp; Ricardo<\/p><\/div>\n<div id=\"attachment_142849\" style=\"width: 690px\" class=\"wp-caption aligncenter\"><img loading=\"lazy\" decoding=\"async\" aria-describedby=\"caption-attachment-142849\" class=\"wp-image-142849\" src=\"https:\/\/diarioregionaldigital.com.br\/wp-content\/uploads\/2019\/06\/fotoj-12.jpg\" alt=\"\" width=\"680\" height=\"451\" srcset=\"https:\/\/diarioregionaldigital.com.br\/wp-content\/uploads\/2019\/06\/fotoj-12.jpg 1764w, https:\/\/diarioregionaldigital.com.br\/wp-content\/uploads\/2019\/06\/fotoj-12-300x199.jpg 300w, https:\/\/diarioregionaldigital.com.br\/wp-content\/uploads\/2019\/06\/fotoj-12-768x509.jpg 768w, https:\/\/diarioregionaldigital.com.br\/wp-content\/uploads\/2019\/06\/fotoj-12-1024x679.jpg 1024w, https:\/\/diarioregionaldigital.com.br\/wp-content\/uploads\/2019\/06\/fotoj-12-360x239.jpg 360w\" sizes=\"auto, (max-width: 680px) 100vw, 680px\" \/><p id=\"caption-attachment-142849\" class=\"wp-caption-text\">Alexandre Dias Abreu e Pablo Delon (Est\u00e1cio) com Jane Arag\u00e3o<\/p><\/div>\n<div id=\"attachment_142850\" style=\"width: 690px\" class=\"wp-caption aligncenter\"><img loading=\"lazy\" decoding=\"async\" aria-describedby=\"caption-attachment-142850\" class=\"wp-image-142850\" src=\"https:\/\/diarioregionaldigital.com.br\/wp-content\/uploads\/2019\/06\/fotol-12.jpg\" alt=\"\" width=\"680\" height=\"454\" srcset=\"https:\/\/diarioregionaldigital.com.br\/wp-content\/uploads\/2019\/06\/fotol-12.jpg 1770w, https:\/\/diarioregionaldigital.com.br\/wp-content\/uploads\/2019\/06\/fotol-12-300x200.jpg 300w, https:\/\/diarioregionaldigital.com.br\/wp-content\/uploads\/2019\/06\/fotol-12-768x513.jpg 768w, https:\/\/diarioregionaldigital.com.br\/wp-content\/uploads\/2019\/06\/fotol-12-1024x684.jpg 1024w, https:\/\/diarioregionaldigital.com.br\/wp-content\/uploads\/2019\/06\/fotol-12-360x240.jpg 360w\" sizes=\"auto, (max-width: 680px) 100vw, 680px\" \/><p id=\"caption-attachment-142850\" class=\"wp-caption-text\">O engenheiro Luis Ant\u00f4nio Naresi J\u00fanior e o diretor do Col\u00e9gio Pio XII, Erikson Arag\u00e3o<\/p><\/div>\n<div id=\"attachment_142848\" style=\"width: 690px\" class=\"wp-caption aligncenter\"><img loading=\"lazy\" decoding=\"async\" aria-describedby=\"caption-attachment-142848\" class=\"wp-image-142848\" src=\"https:\/\/diarioregionaldigital.com.br\/wp-content\/uploads\/2019\/06\/fotoi-18.jpg\" alt=\"\" width=\"680\" height=\"452\" srcset=\"https:\/\/diarioregionaldigital.com.br\/wp-content\/uploads\/2019\/06\/fotoi-18.jpg 1770w, https:\/\/diarioregionaldigital.com.br\/wp-content\/uploads\/2019\/06\/fotoi-18-300x199.jpg 300w, https:\/\/diarioregionaldigital.com.br\/wp-content\/uploads\/2019\/06\/fotoi-18-768x510.jpg 768w, https:\/\/diarioregionaldigital.com.br\/wp-content\/uploads\/2019\/06\/fotoi-18-1024x680.jpg 1024w, https:\/\/diarioregionaldigital.com.br\/wp-content\/uploads\/2019\/06\/fotoi-18-360x239.jpg 360w\" sizes=\"auto, (max-width: 680px) 100vw, 680px\" \/><p id=\"caption-attachment-142848\" class=\"wp-caption-text\">Jovens da Empresa Juniores marcando presen\u00e7a<\/p><\/div>\n<p style=\"text-align: center;\"><strong>FOTOSS\u00cdNTESE<\/strong><\/p>\n<p>O espet\u00e1culo \u201cSoldadinho de Chumbo\u201d ser\u00e1 apresentado neste domingo (30), dentro da programa\u00e7\u00e3o do Divers\u00e3o em Cena Arcelor Mittal em Juiz de Fora. Ser\u00e1, \u00e0s 16h, no Teatro Solar, com entrada gr\u00e1tis.<\/p>\n<p>A Pra\u00e7a de Eventos do Independ\u00eancia Shopping \u00e9 cen\u00e1rio neste domingo (30), das 14 as 19h, do Arraia 2019, Al\u00e9m da venda de pipoca e algod\u00e3o doce, recrea\u00e7\u00e3o, oficinas, concurso de fantasias, al\u00e9m de muito m\u00fasicas e divers\u00e3o. A desta tem a parceria do Instituto Aviva e Associa\u00e7\u00e3o dos amigos (ABAN).<\/p>\n<p>O Monsenhor Luiz Carlos de Paula foi anunciado pelo arcebispo metropolitano de Juiz de Fora, Dom Gil Ant\u00f4nio Moreira com o novo reitor do Semin\u00e1rio Arquidiocesano Santo Ant\u00f4nio. O Padre Camilo de Paiva \u00e9 o novo professor de Teologia e vice-reitor do Semin\u00e1rio Santo Ant\u00f4nio.<\/p>\n<p>Neste domingo (30), tem Bols\u00e3o no Col\u00e9gio PioXII.<\/p>\n<p>Em cena entretenimento total, o domingo (30), vai ficar animado no espa\u00e7o de eventos do Semin\u00e1rio da Floresta com o Forest Beer \u2013 festival de cervejas artesanais. Nos copos a loura gelada da Barbante, S\u00e3o Bartolomeu, Golem e Hofbaner e a Noi, do Rio. Na gastronomia v\u00e3o imperar Sublime, Santa Batata e Browie do Rapa. O Miranda e Pedro Jr. e banda.<\/p>\n<p>Din\u00e2mico e competente, o odont\u00f3logo Mauro Cruz vice-presidente da Academia Brasileira de odontologia e um dos fundadores do Clineste (Cruz odontologia), ser\u00e1 o presidente do Congresso Sul Mineiro de Odontologia, em Caxambu.<\/p>\n<p>Plateia atenta aplaudiu a palestra de Anderson Narciso fundador do site Mix de S\u00e9ries realizado no 3255 Coworking.<\/p>\n<p>Para prestar aten\u00e7\u00e3o: A arte est\u00e1 em tudo que fazemos com dedica\u00e7\u00e3o e vontade. Com sabedoria e conhecimento. Com raz\u00e3o e emo\u00e7\u00e3o. A arte est\u00e1 na poesia e est\u00e1 no amor. Bom dia.<\/p>\n<p><img loading=\"lazy\" decoding=\"async\" class=\"aligncenter size-full wp-image-140586\" src=\"https:\/\/diarioregionaldigital.com.br\/wp-content\/uploads\/2019\/05\/arte-coluna-social.png\" alt=\"\" width=\"3508\" height=\"709\" srcset=\"https:\/\/diarioregionaldigital.com.br\/wp-content\/uploads\/2019\/05\/arte-coluna-social.png 3508w, https:\/\/diarioregionaldigital.com.br\/wp-content\/uploads\/2019\/05\/arte-coluna-social-300x61.png 300w, https:\/\/diarioregionaldigital.com.br\/wp-content\/uploads\/2019\/05\/arte-coluna-social-768x155.png 768w, https:\/\/diarioregionaldigital.com.br\/wp-content\/uploads\/2019\/05\/arte-coluna-social-1024x207.png 1024w, https:\/\/diarioregionaldigital.com.br\/wp-content\/uploads\/2019\/05\/arte-coluna-social-360x73.png 360w\" sizes=\"auto, (max-width: 3508px) 100vw, 3508px\" \/><\/p>\n","protected":false},"excerpt":{"rendered":"<p>Social Em estilo \u00fanico, foi inaugurado o Espa\u00e7o Interativo Coworking na rua: Oscar Vidal n\u00ba 417. Os espa\u00e7os aconchegantes, sala de conviv\u00eancia e mini-audit\u00f3rio para palestras encantaram todos os presentes. A boa m\u00fasica de Pablo &amp; Ricardo, as flores da Floricultura Dois Amores, os queijos de Cozinhando com Techini, Choop do S\u00e3o Bartolomeu e o [&hellip;]<\/p>\n","protected":false},"author":96,"featured_media":142840,"comment_status":"closed","ping_status":"closed","sticky":false,"template":"","format":"standard","meta":{"footnotes":""},"categories":[264],"tags":[],"class_list":["post-142851","post","type-post","status-publish","format-standard","has-post-thumbnail","hentry","category-eduardo-gomes"],"_links":{"self":[{"href":"https:\/\/diarioregionaldigital.com.br\/index.php?rest_route=\/wp\/v2\/posts\/142851","targetHints":{"allow":["GET"]}}],"collection":[{"href":"https:\/\/diarioregionaldigital.com.br\/index.php?rest_route=\/wp\/v2\/posts"}],"about":[{"href":"https:\/\/diarioregionaldigital.com.br\/index.php?rest_route=\/wp\/v2\/types\/post"}],"author":[{"embeddable":true,"href":"https:\/\/diarioregionaldigital.com.br\/index.php?rest_route=\/wp\/v2\/users\/96"}],"replies":[{"embeddable":true,"href":"https:\/\/diarioregionaldigital.com.br\/index.php?rest_route=%2Fwp%2Fv2%2Fcomments&post=142851"}],"version-history":[{"count":1,"href":"https:\/\/diarioregionaldigital.com.br\/index.php?rest_route=\/wp\/v2\/posts\/142851\/revisions"}],"predecessor-version":[{"id":184883,"href":"https:\/\/diarioregionaldigital.com.br\/index.php?rest_route=\/wp\/v2\/posts\/142851\/revisions\/184883"}],"wp:featuredmedia":[{"embeddable":true,"href":"https:\/\/diarioregionaldigital.com.br\/index.php?rest_route=\/wp\/v2\/media\/142840"}],"wp:attachment":[{"href":"https:\/\/diarioregionaldigital.com.br\/index.php?rest_route=%2Fwp%2Fv2%2Fmedia&parent=142851"}],"wp:term":[{"taxonomy":"category","embeddable":true,"href":"https:\/\/diarioregionaldigital.com.br\/index.php?rest_route=%2Fwp%2Fv2%2Fcategories&post=142851"},{"taxonomy":"post_tag","embeddable":true,"href":"https:\/\/diarioregionaldigital.com.br\/index.php?rest_route=%2Fwp%2Fv2%2Ftags&post=142851"}],"curies":[{"name":"wp","href":"https:\/\/api.w.org\/{rel}","templated":true}]}}