{"id":142834,"date":"2019-06-29T07:00:11","date_gmt":"2019-06-29T10:00:11","guid":{"rendered":"https:\/\/diarioregionaldigital.com.br\/?p=142834"},"modified":"2019-06-29T09:44:18","modified_gmt":"2019-06-29T12:44:18","slug":"settra-altera-transito-para-corridas-de-rua-neste-final-de-semana","status":"publish","type":"post","link":"https:\/\/diarioregionaldigital.com.br\/?p=142834","title":{"rendered":"Settra altera tr\u00e2nsito para corridas de rua neste final de semana"},"content":{"rendered":"<p>Neste final de semana, a Secretaria de Transporte e Tr\u00e2nsito (Settra), da Prefeitura de Juiz de Fora (PJF), realizar\u00e1 interven\u00e7\u00f5es em vias e modificar\u00e1 o trajeto de linhas do transporte coletivo urbano, para realiza\u00e7\u00e3o de corridas de rua nos bairros Nova Calif\u00f3rnia e Teixeiras.<\/p>\n<p>No s\u00e1bado, 29, as interven\u00e7\u00f5es acontecem no Bairro Nova Calif\u00f3rnia, para a realiza\u00e7\u00e3o da \u201c Corrida e Caminhada do Circuito Cervejeiro\u201d. A largada acontece \u00e0s 15 horas, na Rua Ot\u00edlia de Souza Leal, 310, e os atletas seguir\u00e3o pelas ruas Ot\u00edlia de Souza Leal, Ant\u00f4nio Teixeira de Carvalho, das Violetas, dos Pinheirais, das Hort\u00eancias, das Margaridas, retornando pelas ruas dos Pinheirais, das Violetas, Coronel Ant\u00f4nio Teixeira e Ot\u00edlia de Souza Leal. O percurso \u00e9 de 5km.<\/p>\n<p>J\u00e1 no domingo, 30, haver\u00e1 interdi\u00e7\u00f5es parciais e totais no Bairro Teixeiras, para a realiza\u00e7\u00e3o da \u201c4\u00aa Corrida Mexa-se pela Vida\u201d. Interdi\u00e7\u00e3o total a partir das 8 horas, para a largada, podendo evoluir de acordo com a avalia\u00e7\u00e3o do respons\u00e1vel pelo policiamento de tr\u00e2nsito. As vias interditadas ser\u00e3o: Av.Deusdedit Salgado, em frente ao Parque da Lajinha; Av. Prefeito Melo Reis (sentido Centro\/Bairro); Rua Eug\u00eanio do Nascimento, entre as ruas \u00c1lvaro Jos\u00e9 Rodrigues e Liduino Vieira dos Reis. Interdi\u00e7\u00e3o parcial a partir das 8 horas e com libera\u00e7\u00e3o prevista para at\u00e9 as 10 horas, podendo evoluir de acordo com a avalia\u00e7\u00e3o do respons\u00e1vel pelo policiamento de tr\u00e2nsito, nas ruas Eug\u00eanio do Nascimento at\u00e9 a Rua \u00c1lvaro Jos\u00e9 Rodrigues. O percurso de 6km ser\u00e1 pela Avenida Deusdedit Salgado (em frente ao Parque da Lajinha), Avenida Prefeito Mello Reis, Rua Eug\u00eanio do Nascimento at\u00e9 a Rua Liduino Vieira dos Reis, retornando pelo mesmo trajeto at\u00e9 o Parque da Lajinha.<br \/>\nA linha 520 \u2013 Aeroporto sofre altera\u00e7\u00e3o no sentido Centro\/Bairro, nas seguintes vias: Av. Paulo Japiassu Coelho, Av. Deusdedit Salgado, Trevo do Parque da Lajinha (retorna), Av. Deusdedit Salgado, Av. Paulo Japiassu Coelho, Av. Pres. Itamar Franco (sentido CAS\/HU), Av. Eug\u00eanio do Nascimento (est\u00e1dio), Av. Prefeito Mello Reis. No sentido Bairro\/Centro n\u00e3o haver\u00e1 altera\u00e7\u00f5es.<\/p>\n<p>Fonte: PJF<\/p>\n","protected":false},"excerpt":{"rendered":"<p>Neste final de semana, a Secretaria de Transporte e Tr\u00e2nsito (Settra), da Prefeitura de Juiz de Fora (PJF), realizar\u00e1 interven\u00e7\u00f5es em vias e modificar\u00e1 o trajeto de linhas do transporte coletivo urbano, para realiza\u00e7\u00e3o de corridas de rua nos bairros Nova Calif\u00f3rnia e Teixeiras. No s\u00e1bado, 29, as interven\u00e7\u00f5es acontecem no Bairro Nova Calif\u00f3rnia, para [&hellip;]<\/p>\n","protected":false},"author":96,"featured_media":130741,"comment_status":"closed","ping_status":"closed","sticky":false,"template":"","format":"standard","meta":{"footnotes":""},"categories":[253,436,439],"tags":[],"class_list":["post-142834","post","type-post","status-publish","format-standard","has-post-thumbnail","hentry","category-cidade","category-destaque-da-semana","category-ultima-hora"],"_links":{"self":[{"href":"https:\/\/diarioregionaldigital.com.br\/index.php?rest_route=\/wp\/v2\/posts\/142834","targetHints":{"allow":["GET"]}}],"collection":[{"href":"https:\/\/diarioregionaldigital.com.br\/index.php?rest_route=\/wp\/v2\/posts"}],"about":[{"href":"https:\/\/diarioregionaldigital.com.br\/index.php?rest_route=\/wp\/v2\/types\/post"}],"author":[{"embeddable":true,"href":"https:\/\/diarioregionaldigital.com.br\/index.php?rest_route=\/wp\/v2\/users\/96"}],"replies":[{"embeddable":true,"href":"https:\/\/diarioregionaldigital.com.br\/index.php?rest_route=%2Fwp%2Fv2%2Fcomments&post=142834"}],"version-history":[{"count":0,"href":"https:\/\/diarioregionaldigital.com.br\/index.php?rest_route=\/wp\/v2\/posts\/142834\/revisions"}],"wp:featuredmedia":[{"embeddable":true,"href":"https:\/\/diarioregionaldigital.com.br\/index.php?rest_route=\/wp\/v2\/media\/130741"}],"wp:attachment":[{"href":"https:\/\/diarioregionaldigital.com.br\/index.php?rest_route=%2Fwp%2Fv2%2Fmedia&parent=142834"}],"wp:term":[{"taxonomy":"category","embeddable":true,"href":"https:\/\/diarioregionaldigital.com.br\/index.php?rest_route=%2Fwp%2Fv2%2Fcategories&post=142834"},{"taxonomy":"post_tag","embeddable":true,"href":"https:\/\/diarioregionaldigital.com.br\/index.php?rest_route=%2Fwp%2Fv2%2Ftags&post=142834"}],"curies":[{"name":"wp","href":"https:\/\/api.w.org\/{rel}","templated":true}]}}