{"id":142831,"date":"2019-06-29T07:57:12","date_gmt":"2019-06-29T10:57:12","guid":{"rendered":"https:\/\/diarioregionaldigital.com.br\/?p=142831"},"modified":"2019-06-29T09:44:59","modified_gmt":"2019-06-29T12:44:59","slug":"pjf-nomeia-neste-sabado-mais-de-260-aprovados-no-concurso-publico-da-area-da-saude","status":"publish","type":"post","link":"https:\/\/diarioregionaldigital.com.br\/?p=142831","title":{"rendered":"PJF nomeia neste s\u00e1bado mais de 260 aprovados no concurso p\u00fablico da \u00e1rea da sa\u00fade"},"content":{"rendered":"<p>O prefeito Ant\u00f4nio Almas assinou a portaria de nomea\u00e7\u00e3o de 264 candidatos aprovados no concurso p\u00fablico da \u00e1rea da sa\u00fade, regido pelo edital n\u00ba 01\/2016. A listagem ser\u00e1 publicada no Di\u00e1rio Oficial Eletr\u00f4nico do Munic\u00edpio (Atos do Governo) deste s\u00e1bado, 29. Para o chefe do Executivo, &#8220;a efetiva\u00e7\u00e3o dos novos servidores atende a um importante pleito da \u00e1rea da sa\u00fade na cidade, uma vez que, com o concursado, garante-se a continuidade dos servi\u00e7os prestados \u00e0 popula\u00e7\u00e3o, al\u00e9m de termos um corpo cl\u00ednico completo para atuar na Secretaria de Sa\u00fade\u201d.<\/p>\n<p>Nesta primeira chamada, est\u00e3o sendo convocados classificados dos cargos de Auxiliar de Enfermagem, Auxiliar de Odontologia, Cirurgi\u00e3o Dentista \u2013 nas \u00e1reas de Bucomaxilofacial, Cl\u00ednica, Endodontia, Odontopediatria e Periodontia, M\u00e9dicos \u2013 nas especialidades de Anestesiologia, Cardiologia, Cirurgia Geral, Cirurgia Pl\u00e1stica, Cl\u00ednico Geral, M\u00e9dico do Trabalho, Endocrinologia, Gastroentologia, Hematologia, Homeopatia, Infectologia, Intensivista, Neurologia, Neurologia Infantil, Ortopedia\/Traumatologia, Otorrinolaringologia, Psiquiatria, Regulador, Sa\u00fade da Fam\u00edlia e Comunidade e Urologia.<\/p>\n<p>Os candidatos nomeados devem comparecer na Secretaria de Administra\u00e7\u00e3o e Recursos Humanos (SARH) \u2013 Av. Brasil, 2.001, 8\u00ba andar \u2013 munidos de documento de identidade, para receber as demais orienta\u00e7\u00f5es antes do prazo final de posse (15 dias contados a partir da data da publica\u00e7\u00e3o da portaria de nomea\u00e7\u00e3o).<\/p>\n","protected":false},"excerpt":{"rendered":"<p>O prefeito Ant\u00f4nio Almas assinou a portaria de nomea\u00e7\u00e3o de 264 candidatos aprovados no concurso p\u00fablico da \u00e1rea da sa\u00fade, regido pelo edital n\u00ba 01\/2016. A listagem ser\u00e1 publicada no Di\u00e1rio Oficial Eletr\u00f4nico do Munic\u00edpio (Atos do Governo) deste s\u00e1bado, 29. Para o chefe do Executivo, &#8220;a efetiva\u00e7\u00e3o dos novos servidores atende a um importante [&hellip;]<\/p>\n","protected":false},"author":96,"featured_media":142832,"comment_status":"closed","ping_status":"closed","sticky":false,"template":"","format":"standard","meta":{"footnotes":""},"categories":[253,436,440,439],"tags":[],"class_list":["post-142831","post","type-post","status-publish","format-standard","has-post-thumbnail","hentry","category-cidade","category-destaque-da-semana","category-destaques-do-dia","category-ultima-hora"],"_links":{"self":[{"href":"https:\/\/diarioregionaldigital.com.br\/index.php?rest_route=\/wp\/v2\/posts\/142831","targetHints":{"allow":["GET"]}}],"collection":[{"href":"https:\/\/diarioregionaldigital.com.br\/index.php?rest_route=\/wp\/v2\/posts"}],"about":[{"href":"https:\/\/diarioregionaldigital.com.br\/index.php?rest_route=\/wp\/v2\/types\/post"}],"author":[{"embeddable":true,"href":"https:\/\/diarioregionaldigital.com.br\/index.php?rest_route=\/wp\/v2\/users\/96"}],"replies":[{"embeddable":true,"href":"https:\/\/diarioregionaldigital.com.br\/index.php?rest_route=%2Fwp%2Fv2%2Fcomments&post=142831"}],"version-history":[{"count":0,"href":"https:\/\/diarioregionaldigital.com.br\/index.php?rest_route=\/wp\/v2\/posts\/142831\/revisions"}],"wp:featuredmedia":[{"embeddable":true,"href":"https:\/\/diarioregionaldigital.com.br\/index.php?rest_route=\/wp\/v2\/media\/142832"}],"wp:attachment":[{"href":"https:\/\/diarioregionaldigital.com.br\/index.php?rest_route=%2Fwp%2Fv2%2Fmedia&parent=142831"}],"wp:term":[{"taxonomy":"category","embeddable":true,"href":"https:\/\/diarioregionaldigital.com.br\/index.php?rest_route=%2Fwp%2Fv2%2Fcategories&post=142831"},{"taxonomy":"post_tag","embeddable":true,"href":"https:\/\/diarioregionaldigital.com.br\/index.php?rest_route=%2Fwp%2Fv2%2Ftags&post=142831"}],"curies":[{"name":"wp","href":"https:\/\/api.w.org\/{rel}","templated":true}]}}