{"id":142828,"date":"2019-07-01T17:53:49","date_gmt":"2019-07-01T20:53:49","guid":{"rendered":"https:\/\/diarioregionaldigital.com.br\/?p=142828"},"modified":"2019-07-02T17:16:43","modified_gmt":"2019-07-02T20:16:43","slug":"rede-publica-inicia-cadastramento-escolar-2020","status":"publish","type":"post","link":"https:\/\/diarioregionaldigital.com.br\/?p=142828","title":{"rendered":"Rede p\u00fablica inicia cadastramento escolar 2020"},"content":{"rendered":"<p>&nbsp;<\/p>\n<p>A\u00a0Prefeitura de Juiz de Fora (PJF) estar\u00e1 realizando o cadastramento escolar para crian\u00e7as e jovens que desejam ingressar na Educa\u00e7\u00e3o Infantil e no Ensino Fundamental da rede p\u00fablica em 2020 entre os dias 1\u00ba e 12 de julho. \u00c9 unificado para as redes municipal e estadual de educa\u00e7\u00e3o de Minas Gerais, sendo indispens\u00e1vel para o aluno garantir vaga em escola pr\u00f3xima de sua resid\u00eancia.Na cidade, o cadastramento poder\u00e1 ser feito pela internet, no site da PJF, atrav\u00e9s do\u00a0<a href=\"https:\/\/sislamemg.caedufjf.net\/sislamemg\/prematricula.faces?q=hr4kjh5aSYU%3D\">link<\/a>\u00a0ou de forma presencial no Espa\u00e7o Cidad\u00e3o Centro e regionais.<\/p>\n<p>Poder\u00e3o se inscrever os candidatos que seguirem os seguintes crit\u00e9rios:<\/p>\n<p><b>Pr\u00e9-Escola:<\/b><\/p>\n<p>* Crian\u00e7as que completam 4 anos at\u00e9 31 de mar\u00e7o de 2020, para o 1\u00ba Per\u00edodo;<\/p>\n<p>* Crian\u00e7as que completam 5 anos at\u00e9 31 de mar\u00e7o de 2020, para o 2\u00ba Per\u00edodo;<\/p>\n<p><b>Ensino Fundamental:<\/b><\/p>\n<p>* Crian\u00e7as que completem 6 anos at\u00e9 31 de mar\u00e7o de 2020, para o 1\u00ba ano;<\/p>\n<p>* Alunos do 2\u00ba ao 9\u00ba ano do Ensino Fundamental que est\u00e3o fora da rede p\u00fablica e desejam ingressar no sistema;<\/p>\n<p>* Alunos de outros munic\u00edpios que desejam ingressar na rede p\u00fablica de Juiz de Fora.<\/p>\n<p>A inscri\u00e7\u00e3o dever\u00e1 ser realizada pelo pai, m\u00e3e ou respons\u00e1vel, maior de 18 anos. Candidatos com esta idade poder\u00e3o fazer seu pr\u00f3prio cadastramento. Pessoas com defici\u00eancia, transtornos globais do desenvolvimento e altas habilidades\/superdota\u00e7\u00e3o tamb\u00e9m ser\u00e3o inscritos atrav\u00e9s de formul\u00e1rio eletr\u00f4nico disponibilizado na internet. A inscri\u00e7\u00e3o \u00e9 isenta de pagamento de taxas.<\/p>\n<p>Os pais ou respons\u00e1veis poder\u00e3o fazer o cadastro de qualquer computador ou dispositivos m\u00f3veis com acesso \u00e0 internet. Aqueles que n\u00e3o t\u00eam este acesso podem realizar o cadastro nas escolas municipais, estaduais, no Espa\u00e7o Cidad\u00e3o Centro ou nas regionais, conforme endere\u00e7os abaixo:<\/p>\n<p>* Centro: Avenida Bar\u00e3o do Rio Branco, 2.234, Parque Halfeld, Centro<br \/>\n* Sul: Rua Porto das Flores, 270 \u2013 Bairro Santa Luzia<br \/>\n* Oeste: Rua Orestes Fabiano Alves, 65 \u2013 S\u00e3o Pedro<br \/>\n* Norte: Rua In\u00eas Garcia, 357 \u2013 Benfica<br \/>\n* Nordeste: Rua Santa Terezinha, 172 \u2013 Santa Terezinha<\/p>\n<p>Conforme a PJF, at\u00e9 a data final do cadastramento, o Centro de Artes e Esportes Unificados \u201cCoronel Adelmir Romualdo de Oliveira\u201d (Pra\u00e7a CEU), localizado na Avenida Juscelino Kubitschek, 5.899, no Bairro Benfica, realizar\u00e1 cadastramento. O hor\u00e1rio de atendimento ser\u00e1 das 8 \u00e0s 17 horas.<\/p>\n<p>O resultado do cadastramento ser\u00e1 divulgado em dezembro deste ano. Para outras informa\u00e7\u00f5es ligue: 3690-7384 ou entre em contato atrav\u00e9s do e-mail: cadastroescolarjf@gmail.com<\/p>\n","protected":false},"excerpt":{"rendered":"<p>&nbsp; A\u00a0Prefeitura de Juiz de Fora (PJF) estar\u00e1 realizando o cadastramento escolar para crian\u00e7as e jovens que desejam ingressar na Educa\u00e7\u00e3o Infantil e no Ensino Fundamental da rede p\u00fablica em 2020 entre os dias 1\u00ba e 12 de julho. \u00c9 unificado para as redes municipal e estadual de educa\u00e7\u00e3o de Minas Gerais, sendo indispens\u00e1vel para [&hellip;]<\/p>\n","protected":false},"author":96,"featured_media":142829,"comment_status":"closed","ping_status":"closed","sticky":false,"template":"","format":"standard","meta":{"footnotes":""},"categories":[253,436,440,439],"tags":[],"class_list":["post-142828","post","type-post","status-publish","format-standard","has-post-thumbnail","hentry","category-cidade","category-destaque-da-semana","category-destaques-do-dia","category-ultima-hora"],"_links":{"self":[{"href":"https:\/\/diarioregionaldigital.com.br\/index.php?rest_route=\/wp\/v2\/posts\/142828","targetHints":{"allow":["GET"]}}],"collection":[{"href":"https:\/\/diarioregionaldigital.com.br\/index.php?rest_route=\/wp\/v2\/posts"}],"about":[{"href":"https:\/\/diarioregionaldigital.com.br\/index.php?rest_route=\/wp\/v2\/types\/post"}],"author":[{"embeddable":true,"href":"https:\/\/diarioregionaldigital.com.br\/index.php?rest_route=\/wp\/v2\/users\/96"}],"replies":[{"embeddable":true,"href":"https:\/\/diarioregionaldigital.com.br\/index.php?rest_route=%2Fwp%2Fv2%2Fcomments&post=142828"}],"version-history":[{"count":0,"href":"https:\/\/diarioregionaldigital.com.br\/index.php?rest_route=\/wp\/v2\/posts\/142828\/revisions"}],"wp:featuredmedia":[{"embeddable":true,"href":"https:\/\/diarioregionaldigital.com.br\/index.php?rest_route=\/wp\/v2\/media\/142829"}],"wp:attachment":[{"href":"https:\/\/diarioregionaldigital.com.br\/index.php?rest_route=%2Fwp%2Fv2%2Fmedia&parent=142828"}],"wp:term":[{"taxonomy":"category","embeddable":true,"href":"https:\/\/diarioregionaldigital.com.br\/index.php?rest_route=%2Fwp%2Fv2%2Fcategories&post=142828"},{"taxonomy":"post_tag","embeddable":true,"href":"https:\/\/diarioregionaldigital.com.br\/index.php?rest_route=%2Fwp%2Fv2%2Ftags&post=142828"}],"curies":[{"name":"wp","href":"https:\/\/api.w.org\/{rel}","templated":true}]}}