{"id":142825,"date":"2019-07-01T07:00:16","date_gmt":"2019-07-01T10:00:16","guid":{"rendered":"https:\/\/diarioregionaldigital.com.br\/?p=142825"},"modified":"2019-07-01T15:26:09","modified_gmt":"2019-07-01T18:26:09","slug":"manutencao-em-estacao-de-tratamento-pode-afetar-abastecimento-de-agua-na-segunda-feira","status":"publish","type":"post","link":"https:\/\/diarioregionaldigital.com.br\/?p=142825","title":{"rendered":"Manuten\u00e7\u00e3o em esta\u00e7\u00e3o de tratamento pode afetar abastecimento de \u00e1gua na segunda-feira"},"content":{"rendered":"<p>Nesta segunda-feira, 1\u00ba de julho, a Companhia de Saneamento Municipal (Cesama) trocar\u00e1 uma v\u00e1lvula na Esta\u00e7\u00e3o de Tratamento de \u00c1gua Walfrido Machado Mendon\u00e7a (ETA CDI). Para a realiza\u00e7\u00e3o dos trabalhos, ser\u00e1 preciso reduzir a produ\u00e7\u00e3o de \u00e1gua na unidade, das 7 \u00e0s 17 horas, o que pode afetar o abastecimento na cidade ao longo do dia.<\/p>\n<p>Assim que os servi\u00e7os forem conclu\u00eddos, a unidade retomar\u00e1 a sua capacidade normal de produ\u00e7\u00e3o. A Cesama orienta que a popula\u00e7\u00e3o economize \u00e1gua durante os trabalhos. A previs\u00e3o \u00e9 de que o fornecimento seja regularizado ainda na noite de segunda.<\/p>\n","protected":false},"excerpt":{"rendered":"<p>Nesta segunda-feira, 1\u00ba de julho, a Companhia de Saneamento Municipal (Cesama) trocar\u00e1 uma v\u00e1lvula na Esta\u00e7\u00e3o de Tratamento de \u00c1gua Walfrido Machado Mendon\u00e7a (ETA CDI). Para a realiza\u00e7\u00e3o dos trabalhos, ser\u00e1 preciso reduzir a produ\u00e7\u00e3o de \u00e1gua na unidade, das 7 \u00e0s 17 horas, o que pode afetar o abastecimento na cidade ao longo do [&hellip;]<\/p>\n","protected":false},"author":96,"featured_media":142826,"comment_status":"closed","ping_status":"closed","sticky":false,"template":"","format":"standard","meta":{"footnotes":""},"categories":[253,436,440,439],"tags":[],"class_list":["post-142825","post","type-post","status-publish","format-standard","has-post-thumbnail","hentry","category-cidade","category-destaque-da-semana","category-destaques-do-dia","category-ultima-hora"],"_links":{"self":[{"href":"https:\/\/diarioregionaldigital.com.br\/index.php?rest_route=\/wp\/v2\/posts\/142825","targetHints":{"allow":["GET"]}}],"collection":[{"href":"https:\/\/diarioregionaldigital.com.br\/index.php?rest_route=\/wp\/v2\/posts"}],"about":[{"href":"https:\/\/diarioregionaldigital.com.br\/index.php?rest_route=\/wp\/v2\/types\/post"}],"author":[{"embeddable":true,"href":"https:\/\/diarioregionaldigital.com.br\/index.php?rest_route=\/wp\/v2\/users\/96"}],"replies":[{"embeddable":true,"href":"https:\/\/diarioregionaldigital.com.br\/index.php?rest_route=%2Fwp%2Fv2%2Fcomments&post=142825"}],"version-history":[{"count":0,"href":"https:\/\/diarioregionaldigital.com.br\/index.php?rest_route=\/wp\/v2\/posts\/142825\/revisions"}],"wp:featuredmedia":[{"embeddable":true,"href":"https:\/\/diarioregionaldigital.com.br\/index.php?rest_route=\/wp\/v2\/media\/142826"}],"wp:attachment":[{"href":"https:\/\/diarioregionaldigital.com.br\/index.php?rest_route=%2Fwp%2Fv2%2Fmedia&parent=142825"}],"wp:term":[{"taxonomy":"category","embeddable":true,"href":"https:\/\/diarioregionaldigital.com.br\/index.php?rest_route=%2Fwp%2Fv2%2Fcategories&post=142825"},{"taxonomy":"post_tag","embeddable":true,"href":"https:\/\/diarioregionaldigital.com.br\/index.php?rest_route=%2Fwp%2Fv2%2Ftags&post=142825"}],"curies":[{"name":"wp","href":"https:\/\/api.w.org\/{rel}","templated":true}]}}