{"id":142823,"date":"2019-06-29T07:47:48","date_gmt":"2019-06-29T10:47:48","guid":{"rendered":"https:\/\/diarioregionaldigital.com.br\/?p=142823"},"modified":"2019-06-29T09:41:22","modified_gmt":"2019-06-29T12:41:22","slug":"avenida-rio-branco-recebe-bem-comum-lazer-em-edicao-especial-neste-domingo","status":"publish","type":"post","link":"https:\/\/diarioregionaldigital.com.br\/?p=142823","title":{"rendered":"Avenida Rio Branco recebe \u201cBem Comum Lazer\u201d em edi\u00e7\u00e3o especial neste domingo"},"content":{"rendered":"<p>Que tal aproveitar o espa\u00e7o urbano para se exercitar, cuidar da sa\u00fade e se divertir? Essa \u00e9 a proposta do \u201cBem Comum Lazer\u201d, que neste domingo, 30, ter\u00e1 uma edi\u00e7\u00e3o especial. A iniciativa, promovida pela Prefeitura de Juiz de Fora (PJF), atrav\u00e9s da Secretaria de Comunica\u00e7\u00e3o P\u00fablica (Secom), tem o apoio da TV Alterosa de Juiz de Fora. Como acontece h\u00e1 tr\u00eas anos, a cada 15 dias, um trecho da Avenida Rio Branco, regi\u00e3o Central, ser\u00e1 liberado para o evento das 8 \u00e0s 12 horas. Crian\u00e7a e adultos poder\u00e3o se divertir e receber diversos servi\u00e7os gratuitos no local.<\/p>\n<p>Para iniciar a manh\u00e3, ser\u00e1 oferecido caf\u00e9 da manh\u00e3 \u00e0 popula\u00e7\u00e3o. Al\u00e9m disso, a Ag\u00eancia de Prote\u00e7\u00e3o e Defesa do Consumidor, atrav\u00e9s do \u201cProcon M\u00f3vel\u201d, estar\u00e1 no local, tirando d\u00favidas ou ajudando na solu\u00e7\u00e3o de problemas relacionados \u00e0 aquisi\u00e7\u00e3o de bens ou servi\u00e7os. Os equipamentos do \u201cJF Lazer\u201d da Secretaria de Esporte e Lazer (SEL) estar\u00e3o dispon\u00edveis para a divers\u00e3o de crian\u00e7as e jovens. Haver\u00e1 distribui\u00e7\u00e3o de mudas de plantas por meio da Secretaria de Meio Ambiente e Ordenamento Urbano (Semaur).<\/p>\n<p>Os profissionais da Secretaria de Sa\u00fade (SS), em parceria com a Unimed Juiz de Fora, Uniodonto e Cebrac, prestar\u00e3o atendimentos de sa\u00fade em geral e nutri\u00e7\u00e3o. A popula\u00e7\u00e3o poder\u00e1 aferir press\u00e3o arterial, fazer exame de glicemia, receber orienta\u00e7\u00f5es de sa\u00fade bucal e aplica\u00e7\u00e3o de fl\u00faor, teste antropom\u00e9trico (medi\u00e7\u00e3o de altura, peso, \u00edndice de massa corporal &#8211; IMC, rela\u00e7\u00e3o cintura-quadril e porcentagem de gordura corporal), conscientizando sobre a import\u00e2ncia da pr\u00e1tica de atividade f\u00edsica regular.<\/p>\n<p>A Associa\u00e7\u00e3o Juizforana de Skate montar\u00e1 uma pista no local. O Cebrac vai cadastrar e receber curr\u00edculos de quem est\u00e1 em busca de uma oportunidade de trabalho. A TV Alterosa, ainda far\u00e1 um desafio de futebol. A academia My Box promover\u00e1 atividades f\u00edsicas ao livre. Al\u00e9m disso, o Instituto Gastron\u00f4mico das Am\u00e9ricas (IGA) realizar\u00e1 oficina de cupcake para as crian\u00e7as.<\/p>\n<p><b>Bem Comum Lazer \u201citinerante\u201d<\/b><\/p>\n<p>Com o novo apoio da TV Alterosa, o evento ter\u00e1 mais edi\u00e7\u00f5es como essas e em outros espa\u00e7os de Juiz de Fora. A previs\u00e3o \u00e9 que, em setembro, tenha uma nova edi\u00e7\u00e3o, no Centro de Artes e Esportes Unificados Coronel \u201cAdelmir Romualdo de Oliveira\u201d (Pra\u00e7a CEU), e, em novembro, na BR-440, no Bairro S\u00e3o Pedro. A iniciativa prop\u00f5e uma interven\u00e7\u00e3o no espa\u00e7o urbano, cada vez mais tomado pelos carros, a fim de tornar a cidade mais ativa e cheia de vida.<\/p>\n<p>A Secretaria de Transportes e Tr\u00e2nsito (Settra)\u00a0promover\u00e1 algumas altera\u00e7\u00f5es no tr\u00e2nsito. Assim, a Avenida Bar\u00e3o do Rio Branco ter\u00e1 sua faixa central interditada, entre a Rua Doutor Romualdo e a Avenida Doutor Jos\u00e9 Proc\u00f3pio Teixeira.<\/p>\n<p>Fonte: PJF<\/p>\n","protected":false},"excerpt":{"rendered":"<p>Que tal aproveitar o espa\u00e7o urbano para se exercitar, cuidar da sa\u00fade e se divertir? Essa \u00e9 a proposta do \u201cBem Comum Lazer\u201d, que neste domingo, 30, ter\u00e1 uma edi\u00e7\u00e3o especial. A iniciativa, promovida pela Prefeitura de Juiz de Fora (PJF), atrav\u00e9s da Secretaria de Comunica\u00e7\u00e3o P\u00fablica (Secom), tem o apoio da TV Alterosa de [&hellip;]<\/p>\n","protected":false},"author":96,"featured_media":130741,"comment_status":"closed","ping_status":"closed","sticky":false,"template":"","format":"standard","meta":{"footnotes":""},"categories":[253,436,439],"tags":[],"class_list":["post-142823","post","type-post","status-publish","format-standard","has-post-thumbnail","hentry","category-cidade","category-destaque-da-semana","category-ultima-hora"],"_links":{"self":[{"href":"https:\/\/diarioregionaldigital.com.br\/index.php?rest_route=\/wp\/v2\/posts\/142823","targetHints":{"allow":["GET"]}}],"collection":[{"href":"https:\/\/diarioregionaldigital.com.br\/index.php?rest_route=\/wp\/v2\/posts"}],"about":[{"href":"https:\/\/diarioregionaldigital.com.br\/index.php?rest_route=\/wp\/v2\/types\/post"}],"author":[{"embeddable":true,"href":"https:\/\/diarioregionaldigital.com.br\/index.php?rest_route=\/wp\/v2\/users\/96"}],"replies":[{"embeddable":true,"href":"https:\/\/diarioregionaldigital.com.br\/index.php?rest_route=%2Fwp%2Fv2%2Fcomments&post=142823"}],"version-history":[{"count":0,"href":"https:\/\/diarioregionaldigital.com.br\/index.php?rest_route=\/wp\/v2\/posts\/142823\/revisions"}],"wp:featuredmedia":[{"embeddable":true,"href":"https:\/\/diarioregionaldigital.com.br\/index.php?rest_route=\/wp\/v2\/media\/130741"}],"wp:attachment":[{"href":"https:\/\/diarioregionaldigital.com.br\/index.php?rest_route=%2Fwp%2Fv2%2Fmedia&parent=142823"}],"wp:term":[{"taxonomy":"category","embeddable":true,"href":"https:\/\/diarioregionaldigital.com.br\/index.php?rest_route=%2Fwp%2Fv2%2Fcategories&post=142823"},{"taxonomy":"post_tag","embeddable":true,"href":"https:\/\/diarioregionaldigital.com.br\/index.php?rest_route=%2Fwp%2Fv2%2Ftags&post=142823"}],"curies":[{"name":"wp","href":"https:\/\/api.w.org\/{rel}","templated":true}]}}