{"id":142818,"date":"2019-06-28T18:39:47","date_gmt":"2019-06-28T21:39:47","guid":{"rendered":"https:\/\/diarioregionaldigital.com.br\/?p=142818"},"modified":"2019-06-28T18:39:47","modified_gmt":"2019-06-28T21:39:47","slug":"acao-conscientiza-sobre-o-combate-ao-uso-de-drogas","status":"publish","type":"post","link":"https:\/\/diarioregionaldigital.com.br\/?p=142818","title":{"rendered":"A\u00e7\u00e3o conscientiza sobre o combate ao uso de drogas"},"content":{"rendered":"<p>O consumo de drogas tem se mostrado um dos mais complexos e inquietantes fen\u00f4menos dos novos tempos, exigindo que os governos e a sociedade partilhem a responsabilidade na busca de alternativas que levem \u00e0 sua melhor compreens\u00e3o e abordagem. Para isso, foi criado o dia Nacional de Combate e Enfrentamento \u00e0s Drogas, comemorado no dia 26 de junho. A vereadora Ana do Pde Frederico (MDB), promoveu na tarde desta sexta-feira, 28, uma a\u00e7\u00e3o nas escadarias da C\u00e2mara Municipal para marcar a data, juntamente com a Pol\u00edcia Militar, o Programa Educacional de Resist\u00eancia \u00e0s Drogas (Proerd) e a escola Estadual Teodorico Ribeiro de Assis, localizada no bairro Furtado de Menezes.<\/p>\n<p>O\u00a0 Proerd \u00e9 a adapta\u00e7\u00e3o brasileira do programa norte-americano Drug Abuse Resistence Education (D.A.R.E.), surgido em 1983. No Brasil, ele foi implantado em 1992, pela Pol\u00edcia Militar do Estado do Rio de Janeiro, e hoje \u00e9 adotado em todo territ\u00f3rio nacional. Em Juiz de Fora, a primeira escola a implantar o Proerd foi a Escola Estadual Padre Frederico Vienkem, na d\u00e9cada de 90, ainda na administra\u00e7\u00e3o da vereadora Ana do Pde. Frederico, que conheceu o programa e logo em seguida adotou-o na institui\u00e7\u00e3o. \u201cNosso objetivo \u00e9 de n\u00e3o s\u00f3 combater e enfrentar o uso das drogas, mas tamb\u00e9m fazer a preven\u00e7\u00e3o, por isso, estamos trabalhando com as crian\u00e7as. O Proerd faz um trabalho bonito com as crian\u00e7as no programa de educacional de resist\u00eancia \u00e0s drogas. E unidos a este programa, estamos em parceria conscientizando as crian\u00e7as, de que o uso das drogas \u00e9 mal\u00e9fico a sa\u00fade\u201d, alertou a vereadora.<\/p>\n<p>O cabo Alessandro, que \u00e9 instrutor do Proerd, destacou que\u00a0 a ideia \u00e9 prevenir o uso de subst\u00e2ncias il\u00edcitas dentro e fora do ambiente escolar. \u201cN\u00f3s realizamos um trabalho de\u00a0 conscientiza\u00e7\u00e3o das crian\u00e7as, com os pais, com a fam\u00edlia e com a comunidade, sobre a import\u00e2ncia deles tomarem a decis\u00e3o segura, sempre com o foco voltado mostrando que \u00e9 errado o uso de subst\u00e2ncias il\u00edcitas\u201d, disse.<\/p>\n<p>A Coordenadora da Escola Estadual Teodorico Ribeiro de Assis, Gilmara Cristina dos Santos, salientou que apesar da escola est\u00e1 inserida em um local de alta vulnerabilidade, a diretora realiza um trabalho individual com cada aluno da institui\u00e7\u00e3o. \u201cO Proerd vem para nos dar maior acesso, pois \u00e9 um trabalho de preven\u00e7\u00e3o e de combate ao crime, e com isso, eles podem se multiplicar nas falas das crian\u00e7as\u201d, concluiu.<\/p>\n<p>A aluna do Naylane Aparecida Dias, 10 anos, estuda no quinto ano e expressou a alegria em participar do programa. \u201cTem quatro meses que participo, e agora sei o que \u00e9 certo ou errado\u201d. Ela ainda confessou que quando observa amigos e parentes que usam algum tipo de subst\u00e2ncia, sempre alerta do perigo. \u201cEu digo que \u00e9 errado, que essa n\u00e3o \u00e9 a melhor op\u00e7\u00e3o para a vida. Tem coisas muito melhores\u201d, finalizou.<\/p>\n<p>Ainda durante a apresenta\u00e7\u00e3o, o Cabo Alessandro juntamente com a vereadora, promoveram um quiz com diversas perguntas sobre subst\u00e2ncias qu\u00edmicas direcionadas \u00e0s crian\u00e7as, e a cada resposta correta, elas eram presenteadas. Participaram tamb\u00e9m do evento, os vereadores Andr\u00e9 Mariano (PSC), Juraci Scheffer (PT) e Marlon Siqueira (MDB).<\/p>\n<p>Fonte: CMJF<\/p>\n","protected":false},"excerpt":{"rendered":"<p>O consumo de drogas tem se mostrado um dos mais complexos e inquietantes fen\u00f4menos dos novos tempos, exigindo que os governos e a sociedade partilhem a responsabilidade na busca de alternativas que levem \u00e0 sua melhor compreens\u00e3o e abordagem. Para isso, foi criado o dia Nacional de Combate e Enfrentamento \u00e0s Drogas, comemorado no dia [&hellip;]<\/p>\n","protected":false},"author":96,"featured_media":142819,"comment_status":"closed","ping_status":"closed","sticky":false,"template":"","format":"standard","meta":{"footnotes":""},"categories":[253,436,439],"tags":[],"class_list":["post-142818","post","type-post","status-publish","format-standard","has-post-thumbnail","hentry","category-cidade","category-destaque-da-semana","category-ultima-hora"],"_links":{"self":[{"href":"https:\/\/diarioregionaldigital.com.br\/index.php?rest_route=\/wp\/v2\/posts\/142818","targetHints":{"allow":["GET"]}}],"collection":[{"href":"https:\/\/diarioregionaldigital.com.br\/index.php?rest_route=\/wp\/v2\/posts"}],"about":[{"href":"https:\/\/diarioregionaldigital.com.br\/index.php?rest_route=\/wp\/v2\/types\/post"}],"author":[{"embeddable":true,"href":"https:\/\/diarioregionaldigital.com.br\/index.php?rest_route=\/wp\/v2\/users\/96"}],"replies":[{"embeddable":true,"href":"https:\/\/diarioregionaldigital.com.br\/index.php?rest_route=%2Fwp%2Fv2%2Fcomments&post=142818"}],"version-history":[{"count":0,"href":"https:\/\/diarioregionaldigital.com.br\/index.php?rest_route=\/wp\/v2\/posts\/142818\/revisions"}],"wp:featuredmedia":[{"embeddable":true,"href":"https:\/\/diarioregionaldigital.com.br\/index.php?rest_route=\/wp\/v2\/media\/142819"}],"wp:attachment":[{"href":"https:\/\/diarioregionaldigital.com.br\/index.php?rest_route=%2Fwp%2Fv2%2Fmedia&parent=142818"}],"wp:term":[{"taxonomy":"category","embeddable":true,"href":"https:\/\/diarioregionaldigital.com.br\/index.php?rest_route=%2Fwp%2Fv2%2Fcategories&post=142818"},{"taxonomy":"post_tag","embeddable":true,"href":"https:\/\/diarioregionaldigital.com.br\/index.php?rest_route=%2Fwp%2Fv2%2Ftags&post=142818"}],"curies":[{"name":"wp","href":"https:\/\/api.w.org\/{rel}","templated":true}]}}