{"id":142812,"date":"2019-06-29T07:34:06","date_gmt":"2019-06-29T10:34:06","guid":{"rendered":"https:\/\/diarioregionaldigital.com.br\/?p=142812"},"modified":"2019-06-29T09:47:57","modified_gmt":"2019-06-29T12:47:57","slug":"aneel-define-bandeira-amarela-nas-contas-de-energia-de-julho","status":"publish","type":"post","link":"https:\/\/diarioregionaldigital.com.br\/?p=142812","title":{"rendered":"Aneel define bandeira amarela nas contas de energia de julho"},"content":{"rendered":"<p>A bandeira tarif\u00e1ria utilizada como refer\u00eancia nas contas de luz do m\u00eas de julho ser\u00e1 a amarela. O an\u00fancio foi feito nessa sexta-feira (28) em comunicado pela Ag\u00eancia Nacional de Energia El\u00e9trica (Aneel). Com a medida, as cobran\u00e7as ter\u00e3o um acr\u00e9scimo de R$ 1,50 para cada 100 quilowatts-hora consumidos.<\/p>\n<p>O adicional retorna \u00e0s contas ap\u00f3s a autoridade reguladora ter definido\u00a0bandeira verde em junho, situa\u00e7\u00e3o em que n\u00e3o \u00e9 cobrado acr\u00e9scimo nas contas. No comunicado, a Aneel justificou a bandeira amarela pelo fato de julho ser um m\u00eas \u201ct\u00edpico da seca nas principais bacias hidrogr\u00e1ficas do pa\u00eds\u201d.<\/p>\n<p>\u201cA previs\u00e3o hidrol\u00f3gica para o m\u00eas sinaliza vaz\u00f5es abaixo da m\u00e9dia hist\u00f3rica e tend\u00eancia de redu\u00e7\u00e3o dos n\u00edveis dos principais reservat\u00f3rios. Esse cen\u00e1rio requer o aumento da gera\u00e7\u00e3o termel\u00e9trica, o que influenciou o aumento do pre\u00e7o da energia (PLD) e dos custos relacionados ao risco hidrol\u00f3gico (GSF) em patamares condizentes com o da Bandeira Amarela\u201d, justificou a ag\u00eancia.<\/p>\n<p>O sistema de bandeiras tarif\u00e1rias foi criado, de acordo com a Aneel, para sinalizar aos consumidores os custos reais da gera\u00e7\u00e3o de energia el\u00e9trica. O funcionamento das bandeiras tarif\u00e1rias tem tr\u00eas cores, a verde, a amarela e a vermelha (nos patamares 1 e 2), que indicam se a energia custar\u00e1 mais ou menos em fun\u00e7\u00e3o das condi\u00e7\u00f5es de gera\u00e7\u00e3o.<\/p>\n<p>O c\u00e1lculo para acionamento das bandeiras tarif\u00e1rias leva em conta, principalmente, dois fatores: o risco hidrol\u00f3gico e o pre\u00e7o da energia. Os recursos pagos pelos consumidores v\u00e3o para uma conta espec\u00edfica e depois s\u00e3o repassados \u00e0s distribuidoras de energia para compensar o custo extra da produ\u00e7\u00e3o de energia em per\u00edodos de seca.<\/p>\n<p>No dia 21 de maio, a Aneel aprovou um reajuste no valor das bandeiras tarif\u00e1rias. Com os novos valores, caso haja o acionamento da bandeira amarela, o acr\u00e9scimo cobrado na conta passou de R$ 1 para R$ 1,50 a cada 100 kWh consumidos. J\u00e1 a bandeira vermelha patamar 1 passou de R$ 3 para R$ 4 a cada 100 kWh e no patamar 2, passou de R$ 5 para R$ 6 por 100 kWh consumidos. A bandeira verde n\u00e3o tem cobran\u00e7a extra.<\/p>\n<p>Fonte: Ag\u00eancia Brasil<\/p>\n","protected":false},"excerpt":{"rendered":"<p>A bandeira tarif\u00e1ria utilizada como refer\u00eancia nas contas de luz do m\u00eas de julho ser\u00e1 a amarela. O an\u00fancio foi feito nessa sexta-feira (28) em comunicado pela Ag\u00eancia Nacional de Energia El\u00e9trica (Aneel). Com a medida, as cobran\u00e7as ter\u00e3o um acr\u00e9scimo de R$ 1,50 para cada 100 quilowatts-hora consumidos. O adicional retorna \u00e0s contas ap\u00f3s [&hellip;]<\/p>\n","protected":false},"author":96,"featured_media":142813,"comment_status":"closed","ping_status":"closed","sticky":false,"template":"","format":"standard","meta":{"footnotes":""},"categories":[436,440,261,439],"tags":[],"class_list":["post-142812","post","type-post","status-publish","format-standard","has-post-thumbnail","hentry","category-destaque-da-semana","category-destaques-do-dia","category-economia","category-ultima-hora"],"_links":{"self":[{"href":"https:\/\/diarioregionaldigital.com.br\/index.php?rest_route=\/wp\/v2\/posts\/142812","targetHints":{"allow":["GET"]}}],"collection":[{"href":"https:\/\/diarioregionaldigital.com.br\/index.php?rest_route=\/wp\/v2\/posts"}],"about":[{"href":"https:\/\/diarioregionaldigital.com.br\/index.php?rest_route=\/wp\/v2\/types\/post"}],"author":[{"embeddable":true,"href":"https:\/\/diarioregionaldigital.com.br\/index.php?rest_route=\/wp\/v2\/users\/96"}],"replies":[{"embeddable":true,"href":"https:\/\/diarioregionaldigital.com.br\/index.php?rest_route=%2Fwp%2Fv2%2Fcomments&post=142812"}],"version-history":[{"count":0,"href":"https:\/\/diarioregionaldigital.com.br\/index.php?rest_route=\/wp\/v2\/posts\/142812\/revisions"}],"wp:featuredmedia":[{"embeddable":true,"href":"https:\/\/diarioregionaldigital.com.br\/index.php?rest_route=\/wp\/v2\/media\/142813"}],"wp:attachment":[{"href":"https:\/\/diarioregionaldigital.com.br\/index.php?rest_route=%2Fwp%2Fv2%2Fmedia&parent=142812"}],"wp:term":[{"taxonomy":"category","embeddable":true,"href":"https:\/\/diarioregionaldigital.com.br\/index.php?rest_route=%2Fwp%2Fv2%2Fcategories&post=142812"},{"taxonomy":"post_tag","embeddable":true,"href":"https:\/\/diarioregionaldigital.com.br\/index.php?rest_route=%2Fwp%2Fv2%2Ftags&post=142812"}],"curies":[{"name":"wp","href":"https:\/\/api.w.org\/{rel}","templated":true}]}}