{"id":142810,"date":"2019-06-29T06:31:33","date_gmt":"2019-06-29T09:31:33","guid":{"rendered":"https:\/\/diarioregionaldigital.com.br\/?p=142810"},"modified":"2019-06-29T09:52:50","modified_gmt":"2019-06-29T12:52:50","slug":"cni-brasileiro-esta-menos-confiante-quanto-a-emprego-e-endividamento","status":"publish","type":"post","link":"https:\/\/diarioregionaldigital.com.br\/?p=142810","title":{"rendered":"CNI: brasileiro est\u00e1 menos confiante quanto a emprego e endividamento"},"content":{"rendered":"<p>O brasileiro est\u00e1 menos confiante em rela\u00e7\u00e3o \u00e0 expectativa de emprego e endividamento, revela o \u00cdndice Nacional de Expectativa do Consumidor (Inec), divulgado nessa sexta-feira (28) pela Confedera\u00e7\u00e3o Nacional da Ind\u00fastria (CNI). O levantamento, que \u00e9 trimestral, mostra que o \u00edndice recuou para 47 pontos em junho, n\u00famero 1,4 ponto abaixo do registrado em abril.<\/p>\n<p>De acordo com a CNI, \u00e9 a segunda queda consecutiva do indicador que, no entanto, continua acima da m\u00e9dia hist\u00f3rica (46,1 pontos). Variando de 0 a 100 pontos, o Inec, quando abaixo de 50 pontos, mostra que consumidores est\u00e3o sem confian\u00e7a.<\/p>\n<p>\u201cA queda da confian\u00e7a em junho \u00e9 resultado, especialmente, da piora da percep\u00e7\u00e3o dos brasileiros sobre o emprego e o aumento do endividamento das fam\u00edlias\u201d, informou, por meio de nota a CNI.<\/p>\n<p>Segundo o levantamento, o \u00edndice de expectativas em rela\u00e7\u00e3o ao desemprego registrou varia\u00e7\u00e3o de 54,7 pontos para 56,4 pontos; e o \u00edndice de endividamento passou de 49 para 51 pontos. Nesses casos, valores acima de 50 pontos indicam que maior \u00e9 a expectativa de aumento do desemprego nos pr\u00f3ximos seis meses e maior o n\u00edvel de endividamento das fam\u00edlias.<\/p>\n<p>A Regi\u00e3o Nordeste foi a que apresentou o mais baixo \u00edndice: 45,3 pontos. No Norte\/Centro-Oeste, o \u00edndice ficou em 47,7 pontos; no Sudeste, em 47; e no Sul, em 49,3.<\/p>\n<p>Na faixa de popula\u00e7\u00e3o com idade entre 35 e 44 anos, o Inec caiu 2,7 pontos entre abril e junho, ficando em 45,9 pontos.<\/p>\n<p>O \u00edndice tamb\u00e9m recuou em todos os graus de instru\u00e7\u00e3o, principalmente entre as pessoas com ensino m\u00e9dio e superior. Se o recorte focar nos que t\u00eam ensino superior, o Inec caiu 2,1 pontos, baixando para 47,5 pontos. Entre as pessoas com ensino m\u00e9dio, houve retra\u00e7\u00e3o de 1,9 pontos, ficando em 47 pontos.<\/p>\n<p>Feita em parceria com o Ibope, esta edi\u00e7\u00e3o do Inec ouviu, entre os dias 20 e 23 de junho, cerca de 2 mil pessoas em todo o pa\u00eds.<\/p>\n<p>&nbsp;<\/p>\n<p>Fonte: Ag\u00eancia Brasil<\/p>\n","protected":false},"excerpt":{"rendered":"<p>O brasileiro est\u00e1 menos confiante em rela\u00e7\u00e3o \u00e0 expectativa de emprego e endividamento, revela o \u00cdndice Nacional de Expectativa do Consumidor (Inec), divulgado nessa sexta-feira (28) pela Confedera\u00e7\u00e3o Nacional da Ind\u00fastria (CNI). O levantamento, que \u00e9 trimestral, mostra que o \u00edndice recuou para 47 pontos em junho, n\u00famero 1,4 ponto abaixo do registrado em abril. [&hellip;]<\/p>\n","protected":false},"author":96,"featured_media":105072,"comment_status":"closed","ping_status":"closed","sticky":false,"template":"","format":"standard","meta":{"footnotes":""},"categories":[436,261,439],"tags":[],"class_list":["post-142810","post","type-post","status-publish","format-standard","has-post-thumbnail","hentry","category-destaque-da-semana","category-economia","category-ultima-hora"],"_links":{"self":[{"href":"https:\/\/diarioregionaldigital.com.br\/index.php?rest_route=\/wp\/v2\/posts\/142810","targetHints":{"allow":["GET"]}}],"collection":[{"href":"https:\/\/diarioregionaldigital.com.br\/index.php?rest_route=\/wp\/v2\/posts"}],"about":[{"href":"https:\/\/diarioregionaldigital.com.br\/index.php?rest_route=\/wp\/v2\/types\/post"}],"author":[{"embeddable":true,"href":"https:\/\/diarioregionaldigital.com.br\/index.php?rest_route=\/wp\/v2\/users\/96"}],"replies":[{"embeddable":true,"href":"https:\/\/diarioregionaldigital.com.br\/index.php?rest_route=%2Fwp%2Fv2%2Fcomments&post=142810"}],"version-history":[{"count":0,"href":"https:\/\/diarioregionaldigital.com.br\/index.php?rest_route=\/wp\/v2\/posts\/142810\/revisions"}],"wp:featuredmedia":[{"embeddable":true,"href":"https:\/\/diarioregionaldigital.com.br\/index.php?rest_route=\/wp\/v2\/media\/105072"}],"wp:attachment":[{"href":"https:\/\/diarioregionaldigital.com.br\/index.php?rest_route=%2Fwp%2Fv2%2Fmedia&parent=142810"}],"wp:term":[{"taxonomy":"category","embeddable":true,"href":"https:\/\/diarioregionaldigital.com.br\/index.php?rest_route=%2Fwp%2Fv2%2Fcategories&post=142810"},{"taxonomy":"post_tag","embeddable":true,"href":"https:\/\/diarioregionaldigital.com.br\/index.php?rest_route=%2Fwp%2Fv2%2Ftags&post=142810"}],"curies":[{"name":"wp","href":"https:\/\/api.w.org\/{rel}","templated":true}]}}