{"id":142807,"date":"2019-06-29T07:29:00","date_gmt":"2019-06-29T10:29:00","guid":{"rendered":"https:\/\/diarioregionaldigital.com.br\/?p=142807"},"modified":"2019-06-29T09:38:31","modified_gmt":"2019-06-29T12:38:31","slug":"mourao-diz-que-retorno-do-ensino-de-educacao-moral-e-civica-e-avaliado","status":"publish","type":"post","link":"https:\/\/diarioregionaldigital.com.br\/?p=142807","title":{"rendered":"Mour\u00e3o diz que retorno do ensino de educa\u00e7\u00e3o moral e c\u00edvica \u00e9 avaliado"},"content":{"rendered":"<p>O presidente da Rep\u00fablica em exerc\u00edcio, Hamilton Mour\u00e3o, disse nessa sexta-feira (28), que o governo deve promover a volta de educa\u00e7\u00e3o moral e c\u00edvica aos curr\u00edculos escolares, em discuss\u00e3o no Minist\u00e9rio da Educa\u00e7\u00e3o. Para ele, o minist\u00e9rio tem sido \u201cum local de combate\u201d, mas que a volta da disciplina est\u00e1 no &#8220;radar&#8221; do presidente Jair Bolsonaro.<\/p>\n<p>\u201cVoc\u00eas sabem que o minist\u00e9rio [da Educa\u00e7\u00e3o] tem sido um lugar de combate direto. N\u00e3o se desmancha tudo que existe l\u00e1 da noite pro dia. Tem que ser um trabalho bem organizado. Mas \u00e9 determina\u00e7\u00e3o e a diretriz do presidente que mat\u00e9rias dessa natureza retornem\u201d.<\/p>\n<p>Mour\u00e3o deu uma palestra na Associa\u00e7\u00e3o Comercial do Paran\u00e1, na manh\u00e3 de nessa sexta-feira (28), e respondeu perguntas da plateia.<\/p>\n<p>Ele contou que estudou nos Estados Unidos durante sua adolesc\u00eancia e havia, segundo ele, uma disciplina semelhante \u00e0 educa\u00e7\u00e3o moral e c\u00edvica, acrescentando que n\u00e3o se trata de algo relacionado a um campo ideol\u00f3gico espec\u00edfico. \u201cVi uma mat\u00e9ria chamada civics, que era exatamente ensinar a Constitui\u00e7\u00e3o, forma\u00e7\u00e3o da nacionalidade, todas as coisas que eram ensinadas em educa\u00e7\u00e3o moral e c\u00edvica. Isso n\u00e3o \u00e9 uma coisa da direita nem da esquerda, isso \u00e9 educa\u00e7\u00e3o\u201d.<\/p>\n<h2>Eixos<\/h2>\n<p>Mour\u00e3o disse ainda que o governo de Jair Bolsonaro trabalha com tr\u00eas eixos. O primeiro \u00e9 o econ\u00f4mico, a cargo do ministro da Economia, Paulo Guedes. O segundo \u00e9 o da seguran\u00e7a p\u00fablica, sob o comando do ministro da Justi\u00e7a e Seguran\u00e7a P\u00fablica, Sergio Moro. E o terceiro \u00e9 a agenda de costumes. \u201c\u00c9 um projeto caro ao presidente, e isso est\u00e1 sendo conduzido por ele, pessoalmente\u201d.<\/p>\n<p>O presidente em exerc\u00edcio, reconheceu, no entanto, que a pauta dos costumes \u00e9 delicada, e que \u00e9 preciso cuidado para n\u00e3o tirar o governo do rumo que pretende seguir. \u201cO presidente j\u00e1 se deu conta disso, ele n\u00e3o abandona o compromisso que ele tem com as pessoas que o elegeram, mas ele sabe que determinados movimentos n\u00e3o podem ser feitos pela conjuntura que se vive hoje no mundo como um todo\u201d.<\/p>\n<p>Para Mour\u00e3o, Bolsonaro tem tido &#8220;foco&#8221; e tem cumprido os objetivos propostos\u00a0<a href=\"http:\/\/agenciabrasil.ebc.com.br\/economia\/noticia\/2019-06\/bolsonaro-diz-que-se-empenhara-por-maior-cooperacao-entre-o-brics\" target=\"_blank\" rel=\"noopener\">para sua viagem ao Jap\u00e3o<\/a>, na\u00a0<a href=\"http:\/\/agenciabrasil.ebc.com.br\/internacional\/noticia\/2019-06\/comeca-reuniao-de-cupula-do-g20-no-japao\" target=\"_blank\" rel=\"noopener\">c\u00fapula do G20<\/a>, bloco das 20 maiores economias do mundo. \u201cEstou acompanhando essa viagem dele ao Jap\u00e3o, ele tem batido todos os objetivos que n\u00f3s nos propusemos nesse per\u00edodo. As coisas v\u00e3o ficar cada vez no rumo que todos n\u00f3s esperamos\u201d.<\/p>\n<p>Fonte: Ag\u00eancia Brasil<\/p>\n","protected":false},"excerpt":{"rendered":"<p>O presidente da Rep\u00fablica em exerc\u00edcio, Hamilton Mour\u00e3o, disse nessa sexta-feira (28), que o governo deve promover a volta de educa\u00e7\u00e3o moral e c\u00edvica aos curr\u00edculos escolares, em discuss\u00e3o no Minist\u00e9rio da Educa\u00e7\u00e3o. Para ele, o minist\u00e9rio tem sido \u201cum local de combate\u201d, mas que a volta da disciplina est\u00e1 no &#8220;radar&#8221; do presidente Jair [&hellip;]<\/p>\n","protected":false},"author":96,"featured_media":142808,"comment_status":"closed","ping_status":"closed","sticky":false,"template":"","format":"standard","meta":{"footnotes":""},"categories":[436,254,439],"tags":[],"class_list":["post-142807","post","type-post","status-publish","format-standard","has-post-thumbnail","hentry","category-destaque-da-semana","category-politica","category-ultima-hora"],"_links":{"self":[{"href":"https:\/\/diarioregionaldigital.com.br\/index.php?rest_route=\/wp\/v2\/posts\/142807","targetHints":{"allow":["GET"]}}],"collection":[{"href":"https:\/\/diarioregionaldigital.com.br\/index.php?rest_route=\/wp\/v2\/posts"}],"about":[{"href":"https:\/\/diarioregionaldigital.com.br\/index.php?rest_route=\/wp\/v2\/types\/post"}],"author":[{"embeddable":true,"href":"https:\/\/diarioregionaldigital.com.br\/index.php?rest_route=\/wp\/v2\/users\/96"}],"replies":[{"embeddable":true,"href":"https:\/\/diarioregionaldigital.com.br\/index.php?rest_route=%2Fwp%2Fv2%2Fcomments&post=142807"}],"version-history":[{"count":0,"href":"https:\/\/diarioregionaldigital.com.br\/index.php?rest_route=\/wp\/v2\/posts\/142807\/revisions"}],"wp:featuredmedia":[{"embeddable":true,"href":"https:\/\/diarioregionaldigital.com.br\/index.php?rest_route=\/wp\/v2\/media\/142808"}],"wp:attachment":[{"href":"https:\/\/diarioregionaldigital.com.br\/index.php?rest_route=%2Fwp%2Fv2%2Fmedia&parent=142807"}],"wp:term":[{"taxonomy":"category","embeddable":true,"href":"https:\/\/diarioregionaldigital.com.br\/index.php?rest_route=%2Fwp%2Fv2%2Fcategories&post=142807"},{"taxonomy":"post_tag","embeddable":true,"href":"https:\/\/diarioregionaldigital.com.br\/index.php?rest_route=%2Fwp%2Fv2%2Ftags&post=142807"}],"curies":[{"name":"wp","href":"https:\/\/api.w.org\/{rel}","templated":true}]}}