{"id":142804,"date":"2019-06-28T18:26:12","date_gmt":"2019-06-28T21:26:12","guid":{"rendered":"https:\/\/diarioregionaldigital.com.br\/?p=142804"},"modified":"2019-06-28T18:26:12","modified_gmt":"2019-06-28T21:26:12","slug":"justica-espanhola-decide-que-neymar-deve-ser-julgado-em-barcelona","status":"publish","type":"post","link":"https:\/\/diarioregionaldigital.com.br\/?p=142804","title":{"rendered":"Justi\u00e7a espanhola decide que Neymar deve ser julgado em Barcelona"},"content":{"rendered":"<p>A Justi\u00e7a espanhola decidiu que as suspeitas de fraude fiscal e sonega\u00e7\u00e3o de impostos na contrata\u00e7\u00e3o do jogador brasileiro Neymar da Silva Santos J\u00fanior pelo clube de futebol Barcelona, em 2013, devem ser julgadas na capital catal\u00e3. A decis\u00e3o vem a p\u00fablico em meio a rumores de que, dois anos ap\u00f3s deixar o clube catal\u00e3o para vestir a camisa do Paris Saint-Germain, o atleta esteja\u00a0negociando seu retorno ao est\u00e1dio Camp Nou.<\/p>\n<p>Divulgada\u00a0hoje\u00a0(28), a decis\u00e3o da 2\u00aa Se\u00e7\u00e3o da Divis\u00e3o Tribunal Penal atendeu a um pedido da pr\u00f3pria defesa do atleta. No \u00faltimo dia 10, os representantes legais de Neymar solicitaram \u00e0 Audi\u00eancia Nacional da Espanha a transfer\u00eancia do local de julgamento de Madri para Barcelona alegando que os fatos em an\u00e1lise aconteceram na cidade catal\u00e3 e que, portanto, o foro competente para julg\u00e1-los \u00e9 o Tribunal\u00a0de Barcelona.\u00a0Segundo a ag\u00eancia de not\u00edcias EFE reportou na ocasi\u00e3o, a promotoria espanhola e representantes do fundo de investimentos DIS, autor da den\u00fancia, se opuseram ao deslocamento de foro.<\/p>\n<p>Em nota, o Poder Judici\u00e1rio espanhol informou que, com o envio do chamado \u201cCaso Neymar\u201d para Barcelona, tamb\u00e9m ser\u00e3o julgados na cidade catal\u00e3 o presidente do Barcelona, Josep Mar\u00eda Bartomeu, e seu antecessor \u00e0 frente do clube, Sandro Rosell; os pais de Neymar e a N&amp;N Consultoria Esportiva, empresa da fam\u00edlia do jogador.<\/p>\n<p>\u201cExaminadas as alega\u00e7\u00f5es das partes, a resolu\u00e7\u00e3o indica que os\u00a0fatos com relev\u00e2ncia criminal foram cometidos em Barcelona\u201d, acrescenta a\u00a0nota, referindo-se \u00e0 \u201cestrat\u00e9gias criminosas enganosas\u201d e \u00e0s\u00a0condutas que, segundo os magistrados da 2\u00aa Se\u00e7\u00e3o, proporcionaram \u201cdeslocamentos patrimonial\u201d por parte dos envolvidos.<\/p>\n<p>Esta n\u00e3o \u00e9 a primeira vez que decis\u00e3o semelhante \u00e9 anunciada a pedido dos r\u00e9us. Em maio de 2015, a 3\u00aa Se\u00e7\u00e3o\u00a0enviou aos tribunais de Barcelona parte da a\u00e7\u00e3o penal\u00a0que deu origem ao chamado Caso Neymar 1 e no qual, em junho de 2016, o Barcelona, ent\u00e3o dirigido por Josep Maria Bartomeu, aceitou pagar 5,5 milh\u00f5es de euros a t\u00edtulo de um acordo com o Minist\u00e9rio P\u00fablico.<\/p>\n<p>Os\u00a0processos contra Neymar tiveram origem em suspeitas de fraudes contratuais na transfer\u00eancia do jogador do Santos para o Barcelona, em 2013. H\u00e1 ind\u00edcios de que o Barcelona pagou pelo jogador mais do que o valor informado\u00a0em contrato.\u00a0A den\u00fancia foi apresentada pelo fundo de investimentos DIS, que possu\u00eda\u00a040% dos direitos do atleta e afirma\u00a0ter\u00a0sido prejudicado na negocia\u00e7\u00e3o.\u00a0Segundo o\u00a0<a href=\"https:\/\/www.fiscal.es\/fiscal\/PA_WebApp_SGNTJ_NFIS\/descarga\/Ponencia%20Ba%C3%B1eres%20Santos%20Francisco.pdf?idFile=4731d001-1c08-40ef-bc50-edf9163005c3\" target=\"_blank\" rel=\"noopener\">Minist\u00e9rio P\u00fablico espanhol<\/a>, ao contratar Neymar, o Barcelona \u201crealizou uma s\u00e9rie de neg\u00f3cios jur\u00eddicos atrav\u00e9s de empresas controladas pelo pai do atleta\u201d,\u00a0Neymar da Silva Santos. O objetivo\u00a0do uso destas \u201cintermedi\u00e1rias\u201d, segundo o MP, era \u201cfragmentar\u00a0o real valor pago pelo jogador a fim de mant\u00ea-lo oculto\u201d.<\/p>\n<p>Em 2013, Neymar\u00a0trocou\u00a0o Barcelona pelo Paris Saint-Germain\u00a0depois\u00a0que o clube franc\u00eas\u00a0pagou\u00a0uma multa rescis\u00f3ria estipulada em 222 milh\u00f5es de euros.<\/p>\n<p>A\u00a0reportagem entrou em contato com a assessoria do atleta e aguarda retorno.<\/p>\n<p>Fonte: Ag\u00eancia Brasil<\/p>\n","protected":false},"excerpt":{"rendered":"<p>A Justi\u00e7a espanhola decidiu que as suspeitas de fraude fiscal e sonega\u00e7\u00e3o de impostos na contrata\u00e7\u00e3o do jogador brasileiro Neymar da Silva Santos J\u00fanior pelo clube de futebol Barcelona, em 2013, devem ser julgadas na capital catal\u00e3. A decis\u00e3o vem a p\u00fablico em meio a rumores de que, dois anos ap\u00f3s deixar o clube catal\u00e3o [&hellip;]<\/p>\n","protected":false},"author":96,"featured_media":142805,"comment_status":"closed","ping_status":"closed","sticky":false,"template":"","format":"standard","meta":{"footnotes":""},"categories":[436,257,439],"tags":[],"class_list":["post-142804","post","type-post","status-publish","format-standard","has-post-thumbnail","hentry","category-destaque-da-semana","category-esporte","category-ultima-hora"],"_links":{"self":[{"href":"https:\/\/diarioregionaldigital.com.br\/index.php?rest_route=\/wp\/v2\/posts\/142804","targetHints":{"allow":["GET"]}}],"collection":[{"href":"https:\/\/diarioregionaldigital.com.br\/index.php?rest_route=\/wp\/v2\/posts"}],"about":[{"href":"https:\/\/diarioregionaldigital.com.br\/index.php?rest_route=\/wp\/v2\/types\/post"}],"author":[{"embeddable":true,"href":"https:\/\/diarioregionaldigital.com.br\/index.php?rest_route=\/wp\/v2\/users\/96"}],"replies":[{"embeddable":true,"href":"https:\/\/diarioregionaldigital.com.br\/index.php?rest_route=%2Fwp%2Fv2%2Fcomments&post=142804"}],"version-history":[{"count":0,"href":"https:\/\/diarioregionaldigital.com.br\/index.php?rest_route=\/wp\/v2\/posts\/142804\/revisions"}],"wp:featuredmedia":[{"embeddable":true,"href":"https:\/\/diarioregionaldigital.com.br\/index.php?rest_route=\/wp\/v2\/media\/142805"}],"wp:attachment":[{"href":"https:\/\/diarioregionaldigital.com.br\/index.php?rest_route=%2Fwp%2Fv2%2Fmedia&parent=142804"}],"wp:term":[{"taxonomy":"category","embeddable":true,"href":"https:\/\/diarioregionaldigital.com.br\/index.php?rest_route=%2Fwp%2Fv2%2Fcategories&post=142804"},{"taxonomy":"post_tag","embeddable":true,"href":"https:\/\/diarioregionaldigital.com.br\/index.php?rest_route=%2Fwp%2Fv2%2Ftags&post=142804"}],"curies":[{"name":"wp","href":"https:\/\/api.w.org\/{rel}","templated":true}]}}