{"id":142801,"date":"2019-06-28T12:51:12","date_gmt":"2019-06-28T15:51:12","guid":{"rendered":"https:\/\/diarioregionaldigital.com.br\/?p=142801"},"modified":"2019-06-28T12:51:12","modified_gmt":"2019-06-28T15:51:12","slug":"bolsonaro-diz-que-se-empenhara-por-maior-cooperacao-entre-o-brics","status":"publish","type":"post","link":"https:\/\/diarioregionaldigital.com.br\/?p=142801","title":{"rendered":"Bolsonaro diz que se empenhar\u00e1 por maior coopera\u00e7\u00e3o entre o Brics"},"content":{"rendered":"<p>O presidente da Rep\u00fablica, Jair Bolsonaro, disse nesta sexta-feira (28), ao abrir a reuni\u00e3o informal do Brics, grupo de pa\u00edses que re\u00fane Brasil, \u00cdndia, China, R\u00fassia e \u00c1frica do Sul, no Centro de Conven\u00e7\u00f5es Intex, em Osaka, no Jap\u00e3o, que o seu governo trabalhar\u00e1 ativamente para o fortalecimento do Brics. \u201cContem com o empenho de nosso governo para que a coopera\u00e7\u00e3o entre n\u00f3s se fortale\u00e7a sempre mais\u201d.<\/p>\n<p>Bolsonaro destacou, como exemplo desse coopera\u00e7\u00e3o, a cria\u00e7\u00e3o do Novo Banco de Desenvolvimento. \u201cMenciono, como exemplo bem-sucedido da coopera\u00e7\u00e3o no Brics, o Novo Banco de Desenvolvimento. Aproxim\u00e1-lo do setor privado e garantir que atenda \u00e0s necessidades de financiamento em infraestrutura \u00e9 prioridade para nosso governo\u201d.<\/p>\n<p>O presidente brasileiro disse ainda que a uni\u00e3o dos l\u00edderes do grupo \u00e9 importante para colaborar na busca de solu\u00e7\u00f5es de conflitos internacionais. Segundo ele, desde a crise financeira de 2008, o Brics tem apontado o papel relevante das grandes pot\u00eancias emergentes para a estabilidade e a prosperidade da economia mundial.<\/p>\n<p>Bolsonaro ressaltou que, no seu governo, o Brasil reafirmou o apoio ao sistema multilateral de com\u00e9rcio por entender que ele \u00e9 importante para o desenvolvimento da economia mundial. \u201cA persist\u00eancia de correntes protecionistas e de pr\u00e1ticas econ\u00f4micas desleais \u00e9 fonte de tens\u00f5es comerciais e p\u00f5e em risco a estabilidade das regras internacionais de com\u00e9rcio. Em meu governo, o Brasil reafirmou seu apoio ao sistema multilateral de com\u00e9rcio, por ter certeza de que o dinamismo da economia mundial depende dele\u201d.<\/p>\n<p>Em seu discurso, o presidente brasileiro destacou o posicionamento do Brasil de continuar colaborando para a reforma da Organiza\u00e7\u00e3o Mundial do Com\u00e9rcio (OMC). \u201cEstamos plenamente dispostos a seguir colaborando para a reforma da Organiza\u00e7\u00e3o Mundial do Com\u00e9rcio e para a constru\u00e7\u00e3o de uma agenda negociadora equilibrada. A redu\u00e7\u00e3o das medidas distorcivas do com\u00e9rcio agr\u00edcola segue sendo uma prioridade e uma tarefa de grande urg\u00eancia para os pa\u00edses em desenvolvimento\u201d.<\/p>\n<p><strong>Declara\u00e7\u00e3o conjunta<\/strong><\/p>\n<p>Ap\u00f3s a reuni\u00e3o, os l\u00edderes do Brics divulgaram uma declara\u00e7\u00e3o conjunta, na qual manifestaram o posicionamento do grupo em que reconhece, entre outros temas, que a inova\u00e7\u00e3o \u00e9 uma for\u00e7a motriz essencial do desenvolvimento e reafirmaram comprometimento em maximizar os benef\u00edcios da digitaliza\u00e7\u00e3o e das tecnologias emergentes, inclusive para as popula\u00e7\u00f5es de \u00e1reas rurais e remotas. \u201cEncorajamos esfor\u00e7os conjuntos para compartilhar boas pr\u00e1ticas de redu\u00e7\u00e3o da pobreza por meio da internet, bem como de transforma\u00e7\u00e3o digital do setor industrial\u201d, diz o comunicado.<\/p>\n<p>O Brics ressalta tamb\u00e9m a import\u00e2ncia de uma reforma da OMC para enfrentar os desafios que a entidade ter\u00e1 pela frente. &#8220;Trabalharemos de forma construtiva com todos os membros da OMC sobre a necess\u00e1ria reforma da organiza\u00e7\u00e3o, com vistas a melhor enfrentar os desafios atuais e futuros no com\u00e9rcio internacional, aumentando assim sua relev\u00e2ncia e efic\u00e1cia. A reforma deve,<em>\u00a0inter alia<\/em>, preservar a centralidade, os valores centrais e os princ\u00edpios fundamentais da OMC, e considerar os interesses de todos os membros, inclusive os pa\u00edses em desenvolvimento e os pa\u00edses de menor desenvolvimento relativo (PMDRs). \u00c9 imperativo que a agenda de negocia\u00e7\u00f5es da OMC seja equilibrada e discutida de maneira aberta, transparente e inclusiva&#8221;.<\/p>\n<p>Leia a \u00edntegra da\u00a0<a href=\"http:\/\/www.itamaraty.gov.br\/pt-BR\/notas-a-imprensa\/20556-reuniao-informal-de-lideres-do-brics-a-margem-da-cupula-do-g20-comunicado-conjunto-de-imprensa-osaka-28-de-junho-de-2019\" target=\"_blank\" rel=\"noopener\">declara\u00e7\u00e3o conjunta.<\/a><\/p>\n<p>Fonte: Ag\u00eancia Brasil<\/p>\n","protected":false},"excerpt":{"rendered":"<p>O presidente da Rep\u00fablica, Jair Bolsonaro, disse nesta sexta-feira (28), ao abrir a reuni\u00e3o informal do Brics, grupo de pa\u00edses que re\u00fane Brasil, \u00cdndia, China, R\u00fassia e \u00c1frica do Sul, no Centro de Conven\u00e7\u00f5es Intex, em Osaka, no Jap\u00e3o, que o seu governo trabalhar\u00e1 ativamente para o fortalecimento do Brics. \u201cContem com o empenho de [&hellip;]<\/p>\n","protected":false},"author":96,"featured_media":142802,"comment_status":"closed","ping_status":"closed","sticky":false,"template":"","format":"standard","meta":{"footnotes":""},"categories":[436,261,439],"tags":[],"class_list":["post-142801","post","type-post","status-publish","format-standard","has-post-thumbnail","hentry","category-destaque-da-semana","category-economia","category-ultima-hora"],"_links":{"self":[{"href":"https:\/\/diarioregionaldigital.com.br\/index.php?rest_route=\/wp\/v2\/posts\/142801","targetHints":{"allow":["GET"]}}],"collection":[{"href":"https:\/\/diarioregionaldigital.com.br\/index.php?rest_route=\/wp\/v2\/posts"}],"about":[{"href":"https:\/\/diarioregionaldigital.com.br\/index.php?rest_route=\/wp\/v2\/types\/post"}],"author":[{"embeddable":true,"href":"https:\/\/diarioregionaldigital.com.br\/index.php?rest_route=\/wp\/v2\/users\/96"}],"replies":[{"embeddable":true,"href":"https:\/\/diarioregionaldigital.com.br\/index.php?rest_route=%2Fwp%2Fv2%2Fcomments&post=142801"}],"version-history":[{"count":0,"href":"https:\/\/diarioregionaldigital.com.br\/index.php?rest_route=\/wp\/v2\/posts\/142801\/revisions"}],"wp:featuredmedia":[{"embeddable":true,"href":"https:\/\/diarioregionaldigital.com.br\/index.php?rest_route=\/wp\/v2\/media\/142802"}],"wp:attachment":[{"href":"https:\/\/diarioregionaldigital.com.br\/index.php?rest_route=%2Fwp%2Fv2%2Fmedia&parent=142801"}],"wp:term":[{"taxonomy":"category","embeddable":true,"href":"https:\/\/diarioregionaldigital.com.br\/index.php?rest_route=%2Fwp%2Fv2%2Fcategories&post=142801"},{"taxonomy":"post_tag","embeddable":true,"href":"https:\/\/diarioregionaldigital.com.br\/index.php?rest_route=%2Fwp%2Fv2%2Ftags&post=142801"}],"curies":[{"name":"wp","href":"https:\/\/api.w.org\/{rel}","templated":true}]}}