{"id":142797,"date":"2019-06-29T07:47:55","date_gmt":"2019-06-29T10:47:55","guid":{"rendered":"https:\/\/diarioregionaldigital.com.br\/?p=142797"},"modified":"2019-06-29T09:38:45","modified_gmt":"2019-06-29T12:38:45","slug":"desinformacao-sobre-execucao-de-penas-e-inaceitavel-diz-toffoli","status":"publish","type":"post","link":"https:\/\/diarioregionaldigital.com.br\/?p=142797","title":{"rendered":"Desinforma\u00e7\u00e3o sobre execu\u00e7\u00e3o de penas \u00e9 inaceit\u00e1vel, diz Toffoli"},"content":{"rendered":"<p>O presidente do Conselho Nacional de Justi\u00e7a (CNJ), ministro Dias Toffoli, considerou nessa sexta-feira (28) \u201cinaceit\u00e1vel\u201d a falta de informa\u00e7\u00f5es que deem conta do andamento de processos que acompanham a execu\u00e7\u00e3o de pena por pessoas condenadas na Justi\u00e7a.<\/p>\n<div class=\"dnd-atom-rendered\">\n<p>\u201c\u00c9 inaceit\u00e1vel que, em 2019, n\u00e3o exista ainda um conhecimento nacional de quantos processos de execu\u00e7\u00e3o penal est\u00e3o tramitando no Brasil, ou em que fase se encontram\u201d, afirmou Toffoli.<\/p>\n<p>O ministro, tamb\u00e9m presidente do Supremo Tribunal Federal (STF), classificou ainda de inaceit\u00e1vel a inexist\u00eancia de informa\u00e7\u00f5es em tempo real sobre o perfil da popula\u00e7\u00e3o carcer\u00e1ria,\u00a0<span id=\"OBJ_PREFIX_DWT608_com_zimbra_date\" role=\"link\">hoje<\/span>\u00a0de 797 mil pessoas, de acordo com dados do CNJ.<\/p>\n<p><span id=\"OBJ_PREFIX_DWT609_com_zimbra_date\" role=\"link\">Ontem<\/span>\u00a0(27), o CNJ assinou coopera\u00e7\u00e3o com o Tribunal Superior Eleitoral (TSE), que tem\u00a0<em>expertise<\/em>\u00a0no assunto, uma parceria para colher dados biom\u00e9tricos \u2013 como a impress\u00e3o digital \u2013 de toda a popula\u00e7\u00e3o carcer\u00e1ria. O objetivo \u00e9 \u201c[ter] informa\u00e7\u00f5es seguras e confi\u00e1veis, de natureza quantitativa e qualitativa, sobre quem estamos privando de liberdade\u201d, disse Toffoli na ocasi\u00e3o.<\/p>\n<h2>Sistema eletr\u00f4nico<\/h2>\n<p>Nesta\u00a0<span id=\"OBJ_PREFIX_DWT610_com_zimbra_date\" role=\"link\">sexta<\/span>-feira (28), Toffoli discursou\u00a0em um encontro que re\u00fane, em Bras\u00edlia, magistrados para debater o alcance do Sistema Eletr\u00f4nico de Execu\u00e7\u00e3o Unificado (Seeu), que encontra-se em fase de implanta\u00e7\u00e3o e deve congregar em uma \u00fanica plataforma todos os processos de todas as varas de execu\u00e7\u00e3o penal do pa\u00eds.<\/p>\n<p>O Programa das Na\u00e7\u00f5es Unidas para o Desenvolvimento (Pnud) e do Departamento Penitenci\u00e1rio Nacional (Depen) s\u00e3o parceiros na iniciativa.<\/p>\n<p>At\u00e9 o momento, foram cadastrados no sistema cerca de 900 mil processos, mas estima-se que haja no pa\u00eds mais 1,6 milh\u00f5es. Isso porque uma pessoa pode ser alvo de mais de um processo de execu\u00e7\u00e3o penal, correspondente a mais de uma condena\u00e7\u00e3o.<\/p>\n<p>Com o Seeu, o CNJ visa a evitar, por exemplo, que pessoas fiquem presas al\u00e9m do tempo a que foram condenadas, situa\u00e7\u00e3o ainda recorrente no sistema carcer\u00e1rio. \u201cNa verdade, quando implementado, ser\u00e1 um verdadeiro mutir\u00e3o carcer\u00e1rio online a todo tempo\u201d, disse Toffoli.<\/p>\n<\/div>\n<p>Fonte: Ag\u00eancia Brasil<\/p>\n","protected":false},"excerpt":{"rendered":"<p>O presidente do Conselho Nacional de Justi\u00e7a (CNJ), ministro Dias Toffoli, considerou nessa sexta-feira (28) \u201cinaceit\u00e1vel\u201d a falta de informa\u00e7\u00f5es que deem conta do andamento de processos que acompanham a execu\u00e7\u00e3o de pena por pessoas condenadas na Justi\u00e7a. \u201c\u00c9 inaceit\u00e1vel que, em 2019, n\u00e3o exista ainda um conhecimento nacional de quantos processos de execu\u00e7\u00e3o penal [&hellip;]<\/p>\n","protected":false},"author":96,"featured_media":142799,"comment_status":"closed","ping_status":"closed","sticky":false,"template":"","format":"standard","meta":{"footnotes":""},"categories":[436,254,439],"tags":[],"class_list":["post-142797","post","type-post","status-publish","format-standard","has-post-thumbnail","hentry","category-destaque-da-semana","category-politica","category-ultima-hora"],"_links":{"self":[{"href":"https:\/\/diarioregionaldigital.com.br\/index.php?rest_route=\/wp\/v2\/posts\/142797","targetHints":{"allow":["GET"]}}],"collection":[{"href":"https:\/\/diarioregionaldigital.com.br\/index.php?rest_route=\/wp\/v2\/posts"}],"about":[{"href":"https:\/\/diarioregionaldigital.com.br\/index.php?rest_route=\/wp\/v2\/types\/post"}],"author":[{"embeddable":true,"href":"https:\/\/diarioregionaldigital.com.br\/index.php?rest_route=\/wp\/v2\/users\/96"}],"replies":[{"embeddable":true,"href":"https:\/\/diarioregionaldigital.com.br\/index.php?rest_route=%2Fwp%2Fv2%2Fcomments&post=142797"}],"version-history":[{"count":0,"href":"https:\/\/diarioregionaldigital.com.br\/index.php?rest_route=\/wp\/v2\/posts\/142797\/revisions"}],"wp:featuredmedia":[{"embeddable":true,"href":"https:\/\/diarioregionaldigital.com.br\/index.php?rest_route=\/wp\/v2\/media\/142799"}],"wp:attachment":[{"href":"https:\/\/diarioregionaldigital.com.br\/index.php?rest_route=%2Fwp%2Fv2%2Fmedia&parent=142797"}],"wp:term":[{"taxonomy":"category","embeddable":true,"href":"https:\/\/diarioregionaldigital.com.br\/index.php?rest_route=%2Fwp%2Fv2%2Fcategories&post=142797"},{"taxonomy":"post_tag","embeddable":true,"href":"https:\/\/diarioregionaldigital.com.br\/index.php?rest_route=%2Fwp%2Fv2%2Ftags&post=142797"}],"curies":[{"name":"wp","href":"https:\/\/api.w.org\/{rel}","templated":true}]}}