{"id":142793,"date":"2019-06-28T12:43:34","date_gmt":"2019-06-28T15:43:34","guid":{"rendered":"https:\/\/diarioregionaldigital.com.br\/?p=142793"},"modified":"2019-06-28T12:43:34","modified_gmt":"2019-06-28T15:43:34","slug":"bolsonaro-e-trump-conversam-sobre-ocde-venezuela-e-comercio-bilateral","status":"publish","type":"post","link":"https:\/\/diarioregionaldigital.com.br\/?p=142793","title":{"rendered":"Bolsonaro e Trump conversam sobre OCDE, Venezuela e com\u00e9rcio bilateral"},"content":{"rendered":"<p>No Jap\u00e3o, onde participam da reuni\u00e3o do G20, os presidentes Jair Bolsonaro e Donald Trump, dos Estados Unidos, tiveram, hoje (28), uma reuni\u00e3o bilateral onde trataram de temas como a rela\u00e7\u00e3o comercial entre os dois pa\u00edses, a entrada do Brasil na Organiza\u00e7\u00e3o para a Coopera\u00e7\u00e3o e Desenvolvimento Econ\u00f4mico (OCDE) e a situa\u00e7\u00e3o da Venezuela.<\/p>\n<p>\u201cA OCDE foi tema nesse encontro, e falou-se tamb\u00e9m da Venezuela, dos aspectos que podem ser elevados por ambos os pa\u00edses para uma solu\u00e7\u00e3o democr\u00e1tica e duradoura na Venezuela. Falou-se das possibilidades de apoio e interlocu\u00e7\u00e3o entre os pa\u00edses sob o ponto de vista comercial e sob outros pontos de vista\u201d, disse o porta-voz da Presid\u00eancia da Rep\u00fablica, Ot\u00e1vio R\u00eago Barros.<\/p>\n<p>No final de maio,<a href=\"http:\/\/agenciabrasil.ebc.com.br\/internacional\/noticia\/2019-05\/estados-unidos-formalizam-apoio-ao-ingresso-do-brasil-na-ocde\" target=\"_blank\" rel=\"noopener\">\u00a0os Estados Unidos decidiram apoiar formalmente a entrada do Brasil na OCDE<\/a>. O an\u00fancio oficial do apoio foi dado durante a reuni\u00e3o do \u00f3rg\u00e3o, em Paris. Na ocasi\u00e3o, o presidente Bolsonaro postou no Twitter mensagem afirmando que o suporte norte-americano \u00e9 \u201cfruto da confian\u00e7a no novo Brasil\u201d.<\/p>\n<h2>Macron<\/h2>\n<p>Bolsonaro tamb\u00e9m se reuniu com o presidente da Fran\u00e7a, Emmanuel Macron. Os dois conversaram durante cerca de 30 minutos sobre temas como o acordo entre o Mercosul e a Uni\u00e3o Europeia, o Acordo de Paris, meio ambiente e temas referentes \u00e0 fronteira entre o Brasil e a Guiana Francesa.<\/p>\n<p>O presidente Bolsonaro convidou Macron para visitar o Brasil, em especial a Regi\u00e3o Amaz\u00f4nica. \u201cA fim de que essa visita possa colaborar para uma narrativa verdadeira a respeito do esfor\u00e7o que o presidente Bolsonaro vem realizando junto com o governo para que o meio ambiente seja preservado no nosso pa\u00eds, como sempre foi, mas tamb\u00e9m termos a possibilidade de agregarmos a esse processo de preserva\u00e7\u00e3o o desenvolvimento socioecon\u00f4mico\u201d, disse Ot\u00e1vio R\u00eago Barros.<\/p>\n<h2>OCDE<\/h2>\n<p>O presidente Jair Bolsonaro ainda esteve com o secret\u00e1rio-geral da OCDE, Jos\u00e9 Angel Gurr\u00eda Trevi\u00f1o, e, segundo o porta-voz, h\u00e1 uma expectativa \u201cextremamente positiva\u201d em rela\u00e7\u00e3o a entrada do Brasil na institui\u00e7\u00e3o.<\/p>\n<p>\u201cExiste uma sele\u00e7\u00e3o de pa\u00edses e h\u00e1 uma cronologia dessa sele\u00e7\u00e3o, mas o Brasil est\u00e1 muito bem posicionado, porque atende a maioria dos pr\u00e9-requisitos que s\u00e3o apresentados por aquela organiza\u00e7\u00e3o\u201d, explicou.<\/p>\n<p>O ingresso de um pa\u00eds ao grupo de na\u00e7\u00f5es que comp\u00f5em a OCDE traz benef\u00edcios em v\u00e1rios setores, especialmente na atra\u00e7\u00e3o de investimentos.<\/p>\n<p>Na agenda de Bolsonaro no Jap\u00e3o ainda teve um encontro com o presidente do Banco Mundial, David Malpass, e uma reuni\u00e3o informal do Brics, grupo de pa\u00edses que re\u00fane Brasil, \u00cdndia, China, R\u00fassia e \u00c1frica do Sul.<\/p>\n<p>Fonte: Ag\u00eancia Brasil<\/p>\n","protected":false},"excerpt":{"rendered":"<p>No Jap\u00e3o, onde participam da reuni\u00e3o do G20, os presidentes Jair Bolsonaro e Donald Trump, dos Estados Unidos, tiveram, hoje (28), uma reuni\u00e3o bilateral onde trataram de temas como a rela\u00e7\u00e3o comercial entre os dois pa\u00edses, a entrada do Brasil na Organiza\u00e7\u00e3o para a Coopera\u00e7\u00e3o e Desenvolvimento Econ\u00f4mico (OCDE) e a situa\u00e7\u00e3o da Venezuela. \u201cA [&hellip;]<\/p>\n","protected":false},"author":96,"featured_media":142794,"comment_status":"closed","ping_status":"closed","sticky":false,"template":"","format":"standard","meta":{"footnotes":""},"categories":[436,254,439],"tags":[],"class_list":["post-142793","post","type-post","status-publish","format-standard","has-post-thumbnail","hentry","category-destaque-da-semana","category-politica","category-ultima-hora"],"_links":{"self":[{"href":"https:\/\/diarioregionaldigital.com.br\/index.php?rest_route=\/wp\/v2\/posts\/142793","targetHints":{"allow":["GET"]}}],"collection":[{"href":"https:\/\/diarioregionaldigital.com.br\/index.php?rest_route=\/wp\/v2\/posts"}],"about":[{"href":"https:\/\/diarioregionaldigital.com.br\/index.php?rest_route=\/wp\/v2\/types\/post"}],"author":[{"embeddable":true,"href":"https:\/\/diarioregionaldigital.com.br\/index.php?rest_route=\/wp\/v2\/users\/96"}],"replies":[{"embeddable":true,"href":"https:\/\/diarioregionaldigital.com.br\/index.php?rest_route=%2Fwp%2Fv2%2Fcomments&post=142793"}],"version-history":[{"count":0,"href":"https:\/\/diarioregionaldigital.com.br\/index.php?rest_route=\/wp\/v2\/posts\/142793\/revisions"}],"wp:featuredmedia":[{"embeddable":true,"href":"https:\/\/diarioregionaldigital.com.br\/index.php?rest_route=\/wp\/v2\/media\/142794"}],"wp:attachment":[{"href":"https:\/\/diarioregionaldigital.com.br\/index.php?rest_route=%2Fwp%2Fv2%2Fmedia&parent=142793"}],"wp:term":[{"taxonomy":"category","embeddable":true,"href":"https:\/\/diarioregionaldigital.com.br\/index.php?rest_route=%2Fwp%2Fv2%2Fcategories&post=142793"},{"taxonomy":"post_tag","embeddable":true,"href":"https:\/\/diarioregionaldigital.com.br\/index.php?rest_route=%2Fwp%2Fv2%2Ftags&post=142793"}],"curies":[{"name":"wp","href":"https:\/\/api.w.org\/{rel}","templated":true}]}}